{"id":129097,"date":"2022-10-12T20:37:04","date_gmt":"2022-10-12T18:37:04","guid":{"rendered":"https:\/\/radiostargjilan.com\/web\/?p=129097"},"modified":"2022-10-12T20:37:58","modified_gmt":"2022-10-12T18:37:58","slug":"kryetari-i-komunes-se-gjilanit-alban-hyseni-tregu-i-gjelber-projekt-tjeter-modern-i-cili-po-shkon-drejt-finalizimit","status":"publish","type":"post","link":"https:\/\/radiostargjilan.com\/web\/kryetari-i-komunes-se-gjilanit-alban-hyseni-tregu-i-gjelber-projekt-tjeter-modern-i-cili-po-shkon-drejt-finalizimit\/","title":{"rendered":"Kryetari i komun\u00ebs s\u00eb Gjilanit, Alban Hyseni: Tregu i Gjelb\u00ebr, projekt tjet\u00ebr modern i cili po shkon drejt finalizimit"},"content":{"rendered":"<p>Tregu i Gjelb\u00ebr\u2733\ufe0f, projekt tjet\u00ebr #modern i cili po shkon drejt finalizimit <\/p>\n<p>Pas shum\u00eb intervenimeve si n\u00eb infrastruktur\u00eb moderne\ud83d\udee3 e zgjerim hap\u00ebsirash, tregtar\u00ebve t\u00eb Tregut t\u00eb Gjelb\u00ebr tani po iu asfaltohen edhe parkingjet dhe po u zgjerohet rruga.<\/p>\n<p>Disa nga fotot e punumeve:<\/p>\n<p><a href=\"https:\/\/radiostargjilan.com\/web\/wp-content\/uploads\/2022\/10\/3F81A33D-5BF1-49D0-8A63-1B852DDEE0CD.jpeg\"><img loading=\"lazy\" loading=\"lazy\" decoding=\"async\" src=\"https:\/\/radiostargjilan.com\/web\/wp-content\/uploads\/2022\/10\/3F81A33D-5BF1-49D0-8A63-1B852DDEE0CD.jpeg\" alt=\"\" width=\"1440\" height=\"959\" class=\"alignnone size-full wp-image-129100\" srcset=\"https:\/\/radiostargjilan.com\/web\/wp-content\/uploads\/2022\/10\/3F81A33D-5BF1-49D0-8A63-1B852DDEE0CD.jpeg 1440w, https:\/\/radiostargjilan.com\/web\/wp-content\/uploads\/2022\/10\/3F81A33D-5BF1-49D0-8A63-1B852DDEE0CD-300x200.jpeg 300w, https:\/\/radiostargjilan.com\/web\/wp-content\/uploads\/2022\/10\/3F81A33D-5BF1-49D0-8A63-1B852DDEE0CD-1024x682.jpeg 1024w, https:\/\/radiostargjilan.com\/web\/wp-content\/uploads\/2022\/10\/3F81A33D-5BF1-49D0-8A63-1B852DDEE0CD-768x511.jpeg 768w, https:\/\/radiostargjilan.com\/web\/wp-content\/uploads\/2022\/10\/3F81A33D-5BF1-49D0-8A63-1B852DDEE0CD-330x220.jpeg 330w, https:\/\/radiostargjilan.com\/web\/wp-content\/uploads\/2022\/10\/3F81A33D-5BF1-49D0-8A63-1B852DDEE0CD-420x280.jpeg 420w, https:\/\/radiostargjilan.com\/web\/wp-content\/uploads\/2022\/10\/3F81A33D-5BF1-49D0-8A63-1B852DDEE0CD-615x410.jpeg 615w, https:\/\/radiostargjilan.com\/web\/wp-content\/uploads\/2022\/10\/3F81A33D-5BF1-49D0-8A63-1B852DDEE0CD-860x573.jpeg 860w\" sizes=\"auto, (max-width: 1440px) 100vw, 1440px\" \/><\/a><\/p>\n<p><a href=\"https:\/\/radiostargjilan.com\/web\/wp-content\/uploads\/2022\/10\/B00471CC-67B9-4936-99EA-84E577707E9C.jpeg\"><img loading=\"lazy\" loading=\"lazy\" decoding=\"async\" src=\"https:\/\/radiostargjilan.com\/web\/wp-content\/uploads\/2022\/10\/B00471CC-67B9-4936-99EA-84E577707E9C.jpeg\" alt=\"\" width=\"1440\" height=\"959\" class=\"alignnone size-full wp-image-129101\" srcset=\"https:\/\/radiostargjilan.com\/web\/wp-content\/uploads\/2022\/10\/B00471CC-67B9-4936-99EA-84E577707E9C.jpeg 1440w, https:\/\/radiostargjilan.com\/web\/wp-content\/uploads\/2022\/10\/B00471CC-67B9-4936-99EA-84E577707E9C-300x200.jpeg 300w, https:\/\/radiostargjilan.com\/web\/wp-content\/uploads\/2022\/10\/B00471CC-67B9-4936-99EA-84E577707E9C-1024x682.jpeg 1024w, https:\/\/radiostargjilan.com\/web\/wp-content\/uploads\/2022\/10\/B00471CC-67B9-4936-99EA-84E577707E9C-768x511.jpeg 768w, https:\/\/radiostargjilan.com\/web\/wp-content\/uploads\/2022\/10\/B00471CC-67B9-4936-99EA-84E577707E9C-330x220.jpeg 330w, https:\/\/radiostargjilan.com\/web\/wp-content\/uploads\/2022\/10\/B00471CC-67B9-4936-99EA-84E577707E9C-420x280.jpeg 420w, https:\/\/radiostargjilan.com\/web\/wp-content\/uploads\/2022\/10\/B00471CC-67B9-4936-99EA-84E577707E9C-615x410.jpeg 615w, https:\/\/radiostargjilan.com\/web\/wp-content\/uploads\/2022\/10\/B00471CC-67B9-4936-99EA-84E577707E9C-860x573.jpeg 860w\" sizes=\"auto, (max-width: 1440px) 100vw, 1440px\" \/><\/a><\/p>\n<p><a href=\"https:\/\/radiostargjilan.com\/web\/wp-content\/uploads\/2022\/10\/E9FA35E6-D59A-4783-918D-75ECF2FD27BD.jpeg\"><img loading=\"lazy\" loading=\"lazy\" decoding=\"async\" src=\"https:\/\/radiostargjilan.com\/web\/wp-content\/uploads\/2022\/10\/E9FA35E6-D59A-4783-918D-75ECF2FD27BD.jpeg\" alt=\"\" width=\"1440\" height=\"959\" class=\"alignnone size-full wp-image-129102\" srcset=\"https:\/\/radiostargjilan.com\/web\/wp-content\/uploads\/2022\/10\/E9FA35E6-D59A-4783-918D-75ECF2FD27BD.jpeg 1440w, https:\/\/radiostargjilan.com\/web\/wp-content\/uploads\/2022\/10\/E9FA35E6-D59A-4783-918D-75ECF2FD27BD-300x200.jpeg 300w, https:\/\/radiostargjilan.com\/web\/wp-content\/uploads\/2022\/10\/E9FA35E6-D59A-4783-918D-75ECF2FD27BD-1024x682.jpeg 1024w, https:\/\/radiostargjilan.com\/web\/wp-content\/uploads\/2022\/10\/E9FA35E6-D59A-4783-918D-75ECF2FD27BD-768x511.jpeg 768w, https:\/\/radiostargjilan.com\/web\/wp-content\/uploads\/2022\/10\/E9FA35E6-D59A-4783-918D-75ECF2FD27BD-330x220.jpeg 330w, https:\/\/radiostargjilan.com\/web\/wp-content\/uploads\/2022\/10\/E9FA35E6-D59A-4783-918D-75ECF2FD27BD-420x280.jpeg 420w, https:\/\/radiostargjilan.com\/web\/wp-content\/uploads\/2022\/10\/E9FA35E6-D59A-4783-918D-75ECF2FD27BD-615x410.jpeg 615w, https:\/\/radiostargjilan.com\/web\/wp-content\/uploads\/2022\/10\/E9FA35E6-D59A-4783-918D-75ECF2FD27BD-860x573.jpeg 860w\" sizes=\"auto, (max-width: 1440px) 100vw, 1440px\" \/><\/a><\/p>\n","protected":false},"excerpt":{"rendered":"<p>Tregu i Gjelb\u00ebr\u2733\ufe0f, projekt tjet\u00ebr #modern i cili po shkon drejt finalizimit Pas shum\u00eb intervenimeve si n\u00eb infrastruktur\u00eb moderne\ud83d\udee3 e zgjerim hap\u00ebsirash, tregtar\u00ebve t\u00eb Tregut t\u00eb Gjelb\u00ebr tani po iu asfaltohen edhe parkingjet dhe po u zgjerohet rruga. Disa nga fotot e punumeve:<\/p>\n","protected":false},"author":1,"featured_media":129098,"comment_status":"closed","ping_status":"closed","sticky":false,"template":"","format":"standard","meta":{"footnotes":""},"categories":[5],"tags":[],"class_list":{"0":"post-129097","1":"post","2":"type-post","3":"status-publish","4":"format-standard","5":"has-post-thumbnail","7":"category-lajme"},"_links":{"self":[{"href":"https:\/\/radiostargjilan.com\/web\/wp-json\/wp\/v2\/posts\/129097","targetHints":{"allow":["GET"]}}],"collection":[{"href":"https:\/\/radiostargjilan.com\/web\/wp-json\/wp\/v2\/posts"}],"about":[{"href":"https:\/\/radiostargjilan.com\/web\/wp-json\/wp\/v2\/types\/post"}],"author":[{"embeddable":true,"href":"https:\/\/radiostargjilan.com\/web\/wp-json\/wp\/v2\/users\/1"}],"replies":[{"embeddable":true,"href":"https:\/\/radiostargjilan.com\/web\/wp-json\/wp\/v2\/comments?post=129097"}],"version-history":[{"count":0,"href":"https:\/\/radiostargjilan.com\/web\/wp-json\/wp\/v2\/posts\/129097\/revisions"}],"wp:featuredmedia":[{"embeddable":true,"href":"https:\/\/radiostargjilan.com\/web\/wp-json\/wp\/v2\/media\/129098"}],"wp:attachment":[{"href":"https:\/\/radiostargjilan.com\/web\/wp-json\/wp\/v2\/media?parent=129097"}],"wp:term":[{"taxonomy":"category","embeddable":true,"href":"https:\/\/radiostargjilan.com\/web\/wp-json\/wp\/v2\/categories?post=129097"},{"taxonomy":"post_tag","embeddable":true,"href":"https:\/\/radiostargjilan.com\/web\/wp-json\/wp\/v2\/tags?post=129097"}],"curies":[{"name":"wp","href":"https:\/\/api.w.org\/{rel}","templated":true}]}}