{"id":130344,"date":"2022-10-26T23:10:11","date_gmt":"2022-10-26T21:10:11","guid":{"rendered":"https:\/\/radiostargjilan.com\/web\/?p=130344"},"modified":"2022-10-26T23:12:43","modified_gmt":"2022-10-26T21:12:43","slug":"agustin-torassa-nuk-do-te-jete-me-pjese-e-klubit-sc-gjilani","status":"publish","type":"post","link":"https:\/\/radiostargjilan.com\/web\/agustin-torassa-nuk-do-te-jete-me-pjese-e-klubit-sc-gjilani\/","title":{"rendered":"Pas kriz\u00ebs n\u00eb klub, vjen largimi i par\u00eb nga rradh\u00ebt e SC Gjilanit"},"content":{"rendered":"<p>Agustin Torrasa ka njoftuar se \u00ebsht\u00eb larguar nga SC Gjilani, raporton Demokracia.com.<\/p>\n<p>Futbollisti brazilian n\u00ebp\u00ebrmjet llogaris\u00eb s\u00eb tij n\u00eb Facebook ka njoftuar se nga sot nuk do t\u00eb jet\u00eb pjes\u00eb e \u201ckuqebardh\u00ebve\u201d.<\/p>\n<p>Ndon\u00ebse arsyet e largimit nuk i ka dh\u00ebn\u00eb, Torrasa ka fal\u00ebnderuar Gjilanin p\u00ebr koh\u00ebn e kaluar.<\/p>\n<p>NJOFTIMI I PLOT\u00cb:<\/p>\n<p>Ju njoftoj se nga sot nuk do t\u00eb jem m\u00eb pjes\u00eb e SC Gjilanit. Krenar q\u00eb kam qen\u00eb pjes\u00eb e k\u00ebtij klubi, fal\u00ebnderoj t\u00eb gjith\u00eb njer\u00ebzit q\u00eb ndan\u00eb me mua gjat\u00eb gjith\u00eb k\u00ebsaj kohe. Un\u00eb do t\u00eb ruaj kujtimet m\u00eb t\u00eb mira. Faleminderit SC Gjilani, faleminderit tifoz\u00ebve p\u00ebr respektin e gjithmon\u00eb dhe faleminderit Kosov\u00ebn! Shpresoj t\u00eb kthehem nj\u00eb dit\u00eb. Pershendetje te gjitheve. Me respekt.<\/p>\n","protected":false},"excerpt":{"rendered":"<p>Agustin Torrasa ka njoftuar se \u00ebsht\u00eb larguar nga SC Gjilani, raporton Demokracia.com. Futbollisti brazilian n\u00ebp\u00ebrmjet llogaris\u00eb s\u00eb tij n\u00eb Facebook ka njoftuar se nga sot nuk do t\u00eb jet\u00eb pjes\u00eb e \u201ckuqebardh\u00ebve\u201d. Ndon\u00ebse arsyet e largimit nuk i ka dh\u00ebn\u00eb, Torrasa ka fal\u00ebnderuar Gjilanin p\u00ebr koh\u00ebn e kaluar. NJOFTIMI I PLOT\u00cb: Ju njoftoj se nga [&hellip;]<\/p>\n","protected":false},"author":1,"featured_media":130345,"comment_status":"closed","ping_status":"closed","sticky":false,"template":"","format":"standard","meta":{"footnotes":""},"categories":[7],"tags":[],"class_list":{"0":"post-130344","1":"post","2":"type-post","3":"status-publish","4":"format-standard","5":"has-post-thumbnail","7":"category-sports"},"_links":{"self":[{"href":"https:\/\/radiostargjilan.com\/web\/wp-json\/wp\/v2\/posts\/130344","targetHints":{"allow":["GET"]}}],"collection":[{"href":"https:\/\/radiostargjilan.com\/web\/wp-json\/wp\/v2\/posts"}],"about":[{"href":"https:\/\/radiostargjilan.com\/web\/wp-json\/wp\/v2\/types\/post"}],"author":[{"embeddable":true,"href":"https:\/\/radiostargjilan.com\/web\/wp-json\/wp\/v2\/users\/1"}],"replies":[{"embeddable":true,"href":"https:\/\/radiostargjilan.com\/web\/wp-json\/wp\/v2\/comments?post=130344"}],"version-history":[{"count":0,"href":"https:\/\/radiostargjilan.com\/web\/wp-json\/wp\/v2\/posts\/130344\/revisions"}],"wp:featuredmedia":[{"embeddable":true,"href":"https:\/\/radiostargjilan.com\/web\/wp-json\/wp\/v2\/media\/130345"}],"wp:attachment":[{"href":"https:\/\/radiostargjilan.com\/web\/wp-json\/wp\/v2\/media?parent=130344"}],"wp:term":[{"taxonomy":"category","embeddable":true,"href":"https:\/\/radiostargjilan.com\/web\/wp-json\/wp\/v2\/categories?post=130344"},{"taxonomy":"post_tag","embeddable":true,"href":"https:\/\/radiostargjilan.com\/web\/wp-json\/wp\/v2\/tags?post=130344"}],"curies":[{"name":"wp","href":"https:\/\/api.w.org\/{rel}","templated":true}]}}