{"id":130361,"date":"2022-10-27T08:37:12","date_gmt":"2022-10-27T06:37:12","guid":{"rendered":"https:\/\/radiostargjilan.com\/web\/?p=130361"},"modified":"2022-10-27T08:37:12","modified_gmt":"2022-10-27T06:37:12","slug":"mot-me-diell-gjate-dites-temperatura-do-te-shkoje-deri-23-grade","status":"publish","type":"post","link":"https:\/\/radiostargjilan.com\/web\/mot-me-diell-gjate-dites-temperatura-do-te-shkoje-deri-23-grade\/","title":{"rendered":"Mot me diell gjat\u00eb dit\u00ebs, temperatura do t\u00eb shkoj\u00eb deri 23 grad\u00eb"},"content":{"rendered":"<p>Sot pritet t\u00eb kemi mot stabil dhe kryesisht me diell. <\/p>\n<p>M\u00ebngjesi pritet t\u00eb jet\u00eb i ftoht\u00eb dhe me gjasa p\u00ebr mjegull n\u00ebp\u00ebr disa lugina dhe ult\u00ebsira. Dita stabile dhe me diell dhe vran\u00ebsira t\u00eb pakta lokale. <\/p>\n<p>Temperaturat pritet t\u00eb l\u00ebvizin nga 2 ajo minimale deri n\u00eb 23 grad\u00eb Celsius ajo maksimale.<\/p>\n<p>Edhe dit\u00ebve t\u00eb ardhshme na pret mot stabil p\u00ebr shkak t\u00eb dominanc\u00ebs absolute anticiklonike. M\u00ebngjeset do t\u00eb jen\u00eb t\u00eb ftohta dhe vende-vende me mjegull, nd\u00ebrsa dit\u00ebt stabile dhe kryesisht me diell.<\/p>\n","protected":false},"excerpt":{"rendered":"<p>Sot pritet t\u00eb kemi mot stabil dhe kryesisht me diell. M\u00ebngjesi pritet t\u00eb jet\u00eb i ftoht\u00eb dhe me gjasa p\u00ebr mjegull n\u00ebp\u00ebr disa lugina dhe ult\u00ebsira. Dita stabile dhe me diell dhe vran\u00ebsira t\u00eb pakta lokale. Temperaturat pritet t\u00eb l\u00ebvizin nga 2 ajo minimale deri n\u00eb 23 grad\u00eb Celsius ajo maksimale. Edhe dit\u00ebve t\u00eb ardhshme [&hellip;]<\/p>\n","protected":false},"author":1,"featured_media":129472,"comment_status":"closed","ping_status":"closed","sticky":false,"template":"","format":"standard","meta":{"footnotes":""},"categories":[5],"tags":[],"class_list":{"0":"post-130361","1":"post","2":"type-post","3":"status-publish","4":"format-standard","5":"has-post-thumbnail","7":"category-lajme"},"_links":{"self":[{"href":"https:\/\/radiostargjilan.com\/web\/wp-json\/wp\/v2\/posts\/130361","targetHints":{"allow":["GET"]}}],"collection":[{"href":"https:\/\/radiostargjilan.com\/web\/wp-json\/wp\/v2\/posts"}],"about":[{"href":"https:\/\/radiostargjilan.com\/web\/wp-json\/wp\/v2\/types\/post"}],"author":[{"embeddable":true,"href":"https:\/\/radiostargjilan.com\/web\/wp-json\/wp\/v2\/users\/1"}],"replies":[{"embeddable":true,"href":"https:\/\/radiostargjilan.com\/web\/wp-json\/wp\/v2\/comments?post=130361"}],"version-history":[{"count":0,"href":"https:\/\/radiostargjilan.com\/web\/wp-json\/wp\/v2\/posts\/130361\/revisions"}],"wp:featuredmedia":[{"embeddable":true,"href":"https:\/\/radiostargjilan.com\/web\/wp-json\/wp\/v2\/media\/129472"}],"wp:attachment":[{"href":"https:\/\/radiostargjilan.com\/web\/wp-json\/wp\/v2\/media?parent=130361"}],"wp:term":[{"taxonomy":"category","embeddable":true,"href":"https:\/\/radiostargjilan.com\/web\/wp-json\/wp\/v2\/categories?post=130361"},{"taxonomy":"post_tag","embeddable":true,"href":"https:\/\/radiostargjilan.com\/web\/wp-json\/wp\/v2\/tags?post=130361"}],"curies":[{"name":"wp","href":"https:\/\/api.w.org\/{rel}","templated":true}]}}