{"id":130713,"date":"2022-10-31T12:25:21","date_gmt":"2022-10-31T11:25:21","guid":{"rendered":"https:\/\/radiostargjilan.com\/web\/?p=130713"},"modified":"2022-10-31T12:25:21","modified_gmt":"2022-10-31T11:25:21","slug":"ismet-munishi-une-jam-johan-cruyffi-i-ballkanit-por-krenare-na-bene-vetem-kombetarja-jo-klubet-rivale","status":"publish","type":"post","link":"https:\/\/radiostargjilan.com\/web\/ismet-munishi-une-jam-johan-cruyffi-i-ballkanit-por-krenare-na-bene-vetem-kombetarja-jo-klubet-rivale\/","title":{"rendered":"Ismet Munishi: Un\u00eb jam Johan Cruyffi i Ballkanit, por krenar\u00eb na b\u00ebn\u00eb vet\u00ebm Komb\u00ebtarja jo klubet rivale"},"content":{"rendered":"<p>Trajneri i Prishtin\u00ebs, Ismet Munishi, pretendon se ai \u00ebsht\u00eb themeluesi i skuadr\u00ebs m\u00eb t\u00eb suksesshme n\u00eb historin\u00eb e Ballkanit &#8211; e cila shkroi historin\u00eb e futbollit kosovar n\u00eb Evrop\u00eb n\u00ebn udh\u00ebheqjen e Ilir Daj\u00ebs k\u00ebt\u00eb sezon &#8211; por k\u00ebmb\u00ebnguli se \u00ebsht\u00eb e pakuptimt\u00eb p\u00ebr klubet rivale n\u00eb Superlig\u00eb t\u00eb ndihen krenare me arritjet e klubit nga Suhareka.<\/p>\n<p>Munishi ishte af\u00ebr ta udh\u00ebhiqte Ballkanin drejt titullit t\u00eb par\u00eb n\u00eb Superlig\u00eb n\u00eb historin\u00eb e klubit gjat\u00eb sezonit turbulent 2019\/20 p\u00ebr shkak t\u00eb pandemis\u00eb s\u00eb koronavirusit, para se t\u00eb shkarkohej n\u00eb dhjetor 2020 pas nj\u00eb sezoni e gjysm\u00eb n\u00eb krye t\u00eb skuadr\u00ebs.<\/p>\n<p>Nj\u00eb sezon m\u00eb von\u00eb, Ballkani e g\u00ebzoi titullin e par\u00eb n\u00eb lig\u00eb n\u00ebn udh\u00ebheqjen Ilir Daj\u00ebs dhe Munishi pretendon se trajneri shqiptar e gjeti nj\u00eb skuad\u00ebr t\u00eb nd\u00ebrtuar nga ai tashm\u00eb n\u00eb Suharek\u00eb, duke nxjerr\u00eb nj\u00eb krahasim me Barcelon\u00ebn dhe futbollit e saj mbizot\u00ebrues t\u00eb themeluar nga legjenda Johan Cruyff dhe t\u00eb shfryt\u00ebzuar m\u00eb s\u00eb miri nga Pep Guardiola gjat\u00eb viteve m\u00eb t\u00eb suksesshme t\u00eb klubit 2008-2012.<\/p>\n<p>\u201cUn\u00eb jam Cruyffi i Ballkanit. Atje (n\u00eb Barcelon\u00eb) mund t\u00eb shkoj\u00eb Guardiola, Mourinho, por Cryuffi jam un\u00eb. Un\u00eb e kam maru (nd\u00ebrtuar Ballkanin). Ata mund t\u00eb defilojn\u00eb sa t\u00eb duan, por n\u00eb Barcelon\u00eb ka mbetur filozofia e Cruyffit. E di si ka qen\u00eb n\u00eb fillim kur kam shkuar, \u00e7far\u00eb ka ndodhur m\u00eb pas. Si nuk m\u00eb lejuan, si m\u2019i mor\u00ebn, apo kupton?\u201d tha Munishi n\u00eb Kanal10.<\/p>\n<p>Ballkani u b\u00eb klubi i par\u00eb kosovar q\u00eb siguron pjes\u00ebmarrjen n\u00eb nj\u00eb gar\u00eb evropiane, pasi u kualifikuar n\u00eb faz\u00ebn grupore t\u00eb Lig\u00ebs s\u00eb Konferenc\u00ebs n\u00eb tentimin e par\u00eb k\u00ebt\u00eb vit.<\/p>\n<p>Derisa e pranon se suksesi i Ballkanit i b\u00ebn mir\u00eb imazhit t\u00eb futbollit kosovar, Munishi k\u00ebmb\u00ebngul se ai nuk duhet t\u00eb favorizohet apo t\u00eb shihet sikur t\u00eb ishte Komb\u00ebtarja e Kosov\u00ebs.<\/p>\n<p>\u201cMir\u00ebpo, klubet tona na p\u00ebrmir\u00ebsojn\u00eb imazhin n\u00eb aren\u00ebn nd\u00ebrkomb\u00ebtare. M\u00eb gjith\u00eb respektin p\u00ebr t\u00eb gjitha klubet, ne jemi krenar\u00eb vet\u00ebm me Komb\u00ebtaren, ne nuk mund t\u00eb jemi krenar\u00eb me nj\u00eb klub q\u00eb un\u00eb e kam rival. Ata na e p\u00ebrmir\u00ebsojn\u00eb imazhin, ne iu themi bravo ju qoft\u00eb. Ne nuk mund t\u00eb sillemi krejt liga sikur ata na paskan b\u00ebr\u00eb aq krenar\u00eb, sepse ne jemi rival\u00eb. Paramendojeni sikur Barcelona t\u00eb dal me nj\u00eb deklarat\u00eb q\u00eb Real Madridi e ka b\u00ebr\u00eb krenar q\u00eb e ka fituar Lig\u00ebn e Kampion\u00ebve\u201d, n\u00ebnvizoi ai.<\/p>\n<p>Suksesi i Ballkanit n\u00eb kualifikime dhe pastaj n\u00eb gaz\u00ebn grupore n\u00eb Lig\u00ebn e Konferenc\u00ebs g\u00ebzoi p\u00ebrkrahje t\u00eb papar\u00eb n\u00eb Kosov\u00eb dhe shpesh krijohej nj\u00eb ndjesi sikur ai \u00ebsht\u00eb nj\u00eb ekip i dyt\u00eb komb\u00ebtar p\u00ebr vendin.<\/p>\n<p>Por s\u00eb fundmi, Prishtina u ankua publikisht pse Federata e Futbollit e shtyu p\u00ebr dat\u00eb t\u00eb pap\u00ebrcaktuar ndeshjen e saj me Ballkanin, e parapar\u00eb p\u00ebr t\u00eb diel\u00ebn m\u00eb 30 tetor, pasi ky i fundit kishte ndeshje n\u00eb Evrop\u00eb tri dit\u00eb m\u00eb her\u00eb, t\u00eb enjten e 27 tetorit.<\/p>\n<p>\u201cPo ku i b\u00ebn tifozit t\u00eb Prishtin\u00ebs p\u00ebr sukseset e tjer\u00ebve. Neve krenar\u00eb na b\u00ebn\u00eb komb\u00ebtarja e Kosov\u00ebs, Komb\u00ebtarja e Shqip\u00ebris\u00eb. Krejt k\u00ebto klube na p\u00ebrmir\u00ebsojn\u00eb imazhin n\u00eb Evrop\u00eb, por nuk mund t\u00eb m\u00eb b\u00ebjn\u00eb krenar mua si trajneri i Prishtin\u00ebs. Pse un\u00eb t\u00eb ndihem krenar q\u00eb ata e mposhtin Clujin\u201d, shtoi Munishi.<\/p>\n","protected":false},"excerpt":{"rendered":"<p>Trajneri i Prishtin\u00ebs, Ismet Munishi, pretendon se ai \u00ebsht\u00eb themeluesi i skuadr\u00ebs m\u00eb t\u00eb suksesshme n\u00eb historin\u00eb e Ballkanit &#8211; e cila shkroi historin\u00eb e futbollit kosovar n\u00eb Evrop\u00eb n\u00ebn udh\u00ebheqjen e Ilir Daj\u00ebs k\u00ebt\u00eb sezon &#8211; por k\u00ebmb\u00ebnguli se \u00ebsht\u00eb e pakuptimt\u00eb p\u00ebr klubet rivale n\u00eb Superlig\u00eb t\u00eb ndihen krenare me arritjet e klubit [&hellip;]<\/p>\n","protected":false},"author":1,"featured_media":130714,"comment_status":"closed","ping_status":"closed","sticky":false,"template":"","format":"standard","meta":{"footnotes":""},"categories":[7],"tags":[],"class_list":{"0":"post-130713","1":"post","2":"type-post","3":"status-publish","4":"format-standard","5":"has-post-thumbnail","7":"category-sports"},"_links":{"self":[{"href":"https:\/\/radiostargjilan.com\/web\/wp-json\/wp\/v2\/posts\/130713","targetHints":{"allow":["GET"]}}],"collection":[{"href":"https:\/\/radiostargjilan.com\/web\/wp-json\/wp\/v2\/posts"}],"about":[{"href":"https:\/\/radiostargjilan.com\/web\/wp-json\/wp\/v2\/types\/post"}],"author":[{"embeddable":true,"href":"https:\/\/radiostargjilan.com\/web\/wp-json\/wp\/v2\/users\/1"}],"replies":[{"embeddable":true,"href":"https:\/\/radiostargjilan.com\/web\/wp-json\/wp\/v2\/comments?post=130713"}],"version-history":[{"count":0,"href":"https:\/\/radiostargjilan.com\/web\/wp-json\/wp\/v2\/posts\/130713\/revisions"}],"wp:featuredmedia":[{"embeddable":true,"href":"https:\/\/radiostargjilan.com\/web\/wp-json\/wp\/v2\/media\/130714"}],"wp:attachment":[{"href":"https:\/\/radiostargjilan.com\/web\/wp-json\/wp\/v2\/media?parent=130713"}],"wp:term":[{"taxonomy":"category","embeddable":true,"href":"https:\/\/radiostargjilan.com\/web\/wp-json\/wp\/v2\/categories?post=130713"},{"taxonomy":"post_tag","embeddable":true,"href":"https:\/\/radiostargjilan.com\/web\/wp-json\/wp\/v2\/tags?post=130713"}],"curies":[{"name":"wp","href":"https:\/\/api.w.org\/{rel}","templated":true}]}}