{"id":133202,"date":"2022-11-24T12:09:12","date_gmt":"2022-11-24T11:09:12","guid":{"rendered":"https:\/\/radiostargjilan.com\/web\/?p=133202"},"modified":"2022-11-24T12:09:12","modified_gmt":"2022-11-24T11:09:12","slug":"gjykata-themelore-ne-gjilan-do-te-punoje-vetem-me-sherbime-esenciale-pas-vendimit-te-kgjk-se","status":"publish","type":"post","link":"https:\/\/radiostargjilan.com\/web\/gjykata-themelore-ne-gjilan-do-te-punoje-vetem-me-sherbime-esenciale-pas-vendimit-te-kgjk-se\/","title":{"rendered":"Gjykata Themelore n\u00eb Gjilan do t\u00eb punoj\u00eb vet\u00ebm me sh\u00ebrbime esenciale, pas vendimit t\u00eb KGJK-s\u00eb"},"content":{"rendered":"<p>Gjilan- Gjykata Themelore n\u00eb Gjilan njofton se do t\u00eb respektoj\u00eb vendimin e K\u00ebshillit Gjyq\u00ebsor t\u00eb Kosov\u00ebs (KGJK), ashtu q\u00eb do t\u00eb punohet vet\u00ebm me sh\u00ebrbime esenciale.<\/p>\n<p>Lajmi u b\u00eb i ditur p\u00ebrmes nj\u00eb komunikate p\u00ebr medie nga kjo gjykat\u00eb, ku thuhet se vendimi vlen deri m\u00eb 8 dhjetor 2022, raporton \u201cBetimi p\u00ebr Drejt\u00ebsi\u201d.<\/p>\n<p>Sipas k\u00ebsaj gjykate, do t\u00eb procedohet vet\u00ebm me rastet si\u00e7 jan\u00eb ato p\u00ebr caktimin e mas\u00ebs s\u00eb siguris\u00eb, shqyrtimet p\u00ebr rastet me paraburgim, rastet q\u00eb kan\u00eb t\u00eb b\u00ebjn\u00eb me t\u00eb pandehurit me \u00e7rregullime mendore, trajtimi i k\u00ebrkesave p\u00ebr sekuestrim dhe masa t\u00eb p\u00ebrkohshme, ekzekutim t\u00eb vendimeve penale, \u00e7\u00ebshtjet e dhun\u00ebs n\u00eb familje, ato t\u00eb sigurimit t\u00eb k\u00ebrkes\u00ebpadis\u00eb, p\u00ebrmbarimi i vendimeve p\u00ebr rastet e dor\u00ebzimit t\u00eb f\u00ebmij\u00ebs dhe procedurat pvr d\u00ebrgimin e personave n\u00eb rehabilitim dhe t\u00eb gjitha sh\u00ebrbimet administrative.<\/p>\n<p>Njoftimi i plot\u00eb:<\/p>\n<p>Gjykata Themelore Gjilan njofton pal\u00ebt se K\u00ebshilli Gjyq\u00ebsor i Kosov\u00ebs n\u00eb mbledhjen e 299-t\u00eb, t\u00eb mbajtur m\u00eb 24 n\u00ebntor 2022, ka marr vendim ku jan\u00eb listuar sh\u00ebrbimet esenciale q\u00eb do t\u00eb kryhen nga Gjykatat e Kosov\u00ebs nga sot 24.11.2022 deri m\u00eb 08.12.2022.<\/p>\n<p>1.T\u00eb procedohen dhe mbahen seancat lidhur me masat p\u00ebr sigurin\u00eb e t\u00eb pandehurve n\u00eb procedur\u00eb, shqyrtimet p\u00ebr rastet me paraburgim dhe rastet q\u00eb kan\u00eb t\u00eb b\u00ebjn\u00eb me t\u00eb pandehurit me \u00e7rregullime mendore;<\/p>\n<p>2.Trajtimi i k\u00ebrkesave p\u00ebr sekuestrim dhe masat e p\u00ebrkohshme<\/p>\n<p>3.Ekzekutimi i vendimeve penale;<\/p>\n<p>4.\u00c7\u00ebshtjet e dhun\u00ebs n\u00eb familje (t\u00eb gjitha fushat);<\/p>\n<p>5.\u00c7\u00ebshtjet e sigurimit t\u00eb k\u00ebrkes\u00eb padis\u00eb (t\u00eb gjitha fushat);<\/p>\n<p>6.P\u00ebrmbarimi i vendimeve p\u00ebr rastet e dor\u00ebzimit t\u00eb f\u00ebmij\u00ebs, realizimi i kontaktit dhe alimentacioni si dhe rastet e tjera n\u00eb \u00e7far\u00ebdo procedure kur \u00ebsht\u00eb n\u00eb pyetje interesi I f\u00ebmij\u00ebs;<\/p>\n<p>7.Procedurat p\u00ebr d\u00ebrgimin e personave n\u00eb rehabilitim (t\u00eb gjitha fushat);<\/p>\n<p>8.T\u00eb gjitha sh\u00ebrbimet administrative\u201d.<\/p>\n<p>Sipas vendimit t\u00eb KGJK-s\u00eb, t\u00eb marr\u00eb t\u00eb enjten, jan\u00eb theksuar sh\u00ebrbimet esenciale me t\u00eb cilat do t\u00eb punojn\u00eb tani e tutje gjykatat, deri n\u00eb nj\u00eb vendim t\u00eb radh\u00ebs t\u00eb K\u00ebshillit. <\/p>\n<p>Ndryshe, kryesuesi i K\u00ebshillit Gjyq\u00ebsor t\u00eb Kosov\u00ebs (KGJK), Albert Zogaj, n\u00eb nj\u00eb konferenc\u00eb p\u00ebr medie t\u00eb m\u00ebrkur\u00ebn, ka k\u00ebrkuar nga Qeveria e Kosov\u00ebs q\u00eb t\u00eb anuloj\u00eb vendimi, me t\u00eb cilin iu ulen pagat gjyqtar\u00ebve dhe prokuror\u00ebve.<\/p>\n<p>Zogaj tha se kan\u00eb marr\u00eb vendim, me t\u00eb cilin puna e gjykatave reduktohet dhe do t\u00eb punohet vet\u00ebm me sh\u00ebrbime esenciale.<\/p>\n<p>Po ashtu, edhe K\u00ebshilli Prokurorial i Kosov\u00ebs (KPK), mori vendim me t\u00eb cilin reduktohet puna e Prokurorive dhe punohet vet\u00ebm me staf esencial.<\/p>\n<p>Si KGJK, ashtu edhe KPK, kan\u00eb njoftuar se n\u00ebse Qeveria nuk e anulon vendimin deri m\u00eb 8 dhjetor, do t\u00eb marrin masa t\u00eb tjera.<\/p>\n<p>Vendimi i KGJK-s\u00eb dhe KPK-s\u00eb erdhi pas vendimit t\u00eb Qeveris\u00eb, me t\u00eb cilin gjykat\u00ebsve dhe prokuror\u00ebve iu ulen pagat.<\/p>\n<p>Ndryshe, n\u00eb mbledhjen e Qeveris\u00eb, t\u00eb enjten. Kryeministri Albin Kurti mori vendim me t\u00eb cilin, pagat n\u00eb sistemin e drejt\u00ebsis\u00eb u kthyen si\u00e7 ishin para vendimit t\u00eb marr\u00eb n\u00eb vitin 2017, nga Qeveria Haradinaj.<\/p>\n<p>\u201cKushti i parapar\u00eb p\u00ebr p\u00ebrjashtim t\u00eb k\u00ebtij ligji \u00ebsht\u00eb plot\u00ebsuar me nxjerrjen e aktgjykimit nga Gjykata Kushtetuese me ligjin e at\u00ebhersh\u00ebm p\u00ebr paga, rrjedhimisht p\u00ebr t\u00eb sjell\u00eb ligjshm\u00ebri plot\u00ebsojm\u00eb k\u00ebt\u00eb vendim duke shfuqizuar nenet relevante\u201d, ka th\u00ebn\u00eb Kurti.<\/p>\n<p>Pas miratimit t\u00eb Projektligjit p\u00ebr Pagat, Kryeministri Kurti, tha se ky projektligj krijon sistem t\u00eb unifikuar t\u00eb pagave.<\/p>\n<p>\u201cPropozimi i sot\u00ebm i kushton r\u00ebnd\u00ebsi t\u00eb madhe kualifikimeve. Askush nuk mund t\u00eb paguhet m\u00eb shum\u00eb sesa pes\u00ebfishi u pag\u00ebs m\u00eb t\u00eb ul\u00ebt n\u00eb administrat\u00ebn ton\u00eb\u201d,  ka th\u00ebn\u00eb Kurti.<\/p>\n<p>Lidhur me k\u00ebt\u00eb vendim t\u00eb Qeveris\u00eb, ka reaguar edhe shoq\u00ebria civile, duke e quajtur uljen e pagave n\u00eb sistemin e drejt\u00ebsis\u00eb, nd\u00ebrhyrje n\u00eb drejt\u00ebsi dhe rritje t\u00eb potencialit korruptiv.<\/p>\n","protected":false},"excerpt":{"rendered":"<p>Gjilan- Gjykata Themelore n\u00eb Gjilan njofton se do t\u00eb respektoj\u00eb vendimin e K\u00ebshillit Gjyq\u00ebsor t\u00eb Kosov\u00ebs (KGJK), ashtu q\u00eb do t\u00eb punohet vet\u00ebm me sh\u00ebrbime esenciale. Lajmi u b\u00eb i ditur p\u00ebrmes nj\u00eb komunikate p\u00ebr medie nga kjo gjykat\u00eb, ku thuhet se vendimi vlen deri m\u00eb 8 dhjetor 2022, raporton \u201cBetimi p\u00ebr Drejt\u00ebsi\u201d. Sipas k\u00ebsaj [&hellip;]<\/p>\n","protected":false},"author":1,"featured_media":133203,"comment_status":"closed","ping_status":"closed","sticky":false,"template":"","format":"standard","meta":{"footnotes":""},"categories":[117],"tags":[],"class_list":{"0":"post-133202","1":"post","2":"type-post","3":"status-publish","4":"format-standard","5":"has-post-thumbnail","7":"category-gjykata"},"_links":{"self":[{"href":"https:\/\/radiostargjilan.com\/web\/wp-json\/wp\/v2\/posts\/133202","targetHints":{"allow":["GET"]}}],"collection":[{"href":"https:\/\/radiostargjilan.com\/web\/wp-json\/wp\/v2\/posts"}],"about":[{"href":"https:\/\/radiostargjilan.com\/web\/wp-json\/wp\/v2\/types\/post"}],"author":[{"embeddable":true,"href":"https:\/\/radiostargjilan.com\/web\/wp-json\/wp\/v2\/users\/1"}],"replies":[{"embeddable":true,"href":"https:\/\/radiostargjilan.com\/web\/wp-json\/wp\/v2\/comments?post=133202"}],"version-history":[{"count":0,"href":"https:\/\/radiostargjilan.com\/web\/wp-json\/wp\/v2\/posts\/133202\/revisions"}],"wp:featuredmedia":[{"embeddable":true,"href":"https:\/\/radiostargjilan.com\/web\/wp-json\/wp\/v2\/media\/133203"}],"wp:attachment":[{"href":"https:\/\/radiostargjilan.com\/web\/wp-json\/wp\/v2\/media?parent=133202"}],"wp:term":[{"taxonomy":"category","embeddable":true,"href":"https:\/\/radiostargjilan.com\/web\/wp-json\/wp\/v2\/categories?post=133202"},{"taxonomy":"post_tag","embeddable":true,"href":"https:\/\/radiostargjilan.com\/web\/wp-json\/wp\/v2\/tags?post=133202"}],"curies":[{"name":"wp","href":"https:\/\/api.w.org\/{rel}","templated":true}]}}