{"id":134002,"date":"2022-12-01T10:28:36","date_gmt":"2022-12-01T09:28:36","guid":{"rendered":"https:\/\/radiostargjilan.com\/web\/?p=134002"},"modified":"2022-12-01T10:28:36","modified_gmt":"2022-12-01T09:28:36","slug":"shteti-e-kapi-me-arme-vrasesin-sokol-halili-e-denoi-vetem-me-gjobe","status":"publish","type":"post","link":"https:\/\/radiostargjilan.com\/web\/shteti-e-kapi-me-arme-vrasesin-sokol-halili-e-denoi-vetem-me-gjobe\/","title":{"rendered":"Shteti e kapi me arm\u00eb vras\u00ebsin Sokol Halili, e d\u00ebnoi vet\u00ebm me gjob\u00eb"},"content":{"rendered":"<p>N\u00eb muajin shtator Gjykata e Ferizajt, e kishte d\u00ebnuar vet\u00ebm me gjob\u00eb Sokol Halilin p\u00ebr arm\u00eb t\u00eb zjarrit, ani pse ndaj tij ishte ngritur aktakuz\u00eb dhe kishte urdh\u00ebr t\u00eb prer\u00eb q\u00eb t\u00eb mos i afrohej ish-gruas Hamide Magashi t\u00eb cil\u00ebn e vrau mbr\u00ebm\u00eb para Gjinekologjis\u00eb ku pritej t\u00eb lind\u00eb foshnj\u00ebn<\/p>\n<p>Polica, Prokuroria e Gjykata n\u00eb rajonin e Ferizajt kishin qen\u00eb t\u00eb njoftuara se Sokol Haliti, i cili vrau me arm\u00eb zjarri para Gjinekologjis\u00eb n\u00eb QKUK gruan dhe foshnj\u00ebn q\u00eb pritej t\u00eb lind\u00eb, kishte pasur historik t\u00eb veprave penale q\u00eb lidhen pik\u00ebrisht me ish-gruan me t\u00eb cil\u00ebn ishte n\u00eb proces t\u00eb divorcit.<\/p>\n<p>Haliti q\u00eb edhe pas 16 or\u00ebsh nga krimi makab\u00ebr q\u00eb kreu, \u00ebsht\u00eb n\u00eb arrati dhe nuk \u00ebsht\u00eb kapur nga Policia e Kosov\u00ebs.<br \/>\nPor ndaj tij, ekziton nj\u00eb aktakuz\u00eb p\u00ebr kanosje ndaj gruas Hamide Magashi, e cila i \u00ebsht\u00eb ngritur n\u00eb muajin gusht.<\/p>\n<p>Por kjo nuk \u00ebsht\u00eb e vetmja, policia e kishte kapur at\u00eb me arm\u00eb zjarri dhe p\u00ebr k\u00ebt\u00eb e kishte d\u00ebnuar vet\u00ebm me gjob\u00eb, shkruan Insajderi.<\/p>\n<p>\u201cMe dat\u00eb 23.09.2022, me aktgjykimin e evidentuar si: 2022:174052, i pandehuri S.H. \u00ebsht\u00eb shpallur fajtor p\u00ebr vepr\u00ebn penale mbajtja n\u00eb pron\u00ebsi, kontroll ose posedim t\u00eb paautorizuar t\u00eb arm\u00ebve nga neni 366 paragrafi 1 t\u00eb KPRK-s\u00eb dhe i \u00ebsht\u00eb shqiptuar d\u00ebnim me gjob\u00eb\u201d, thuhet n\u00eb njoftimin e Gjykat\u00ebs Themelore t\u00eb Ferizajt.<\/p>\n<p>P\u00ebrve\u00e7 k\u00ebsaj, gjykata kishte l\u00ebshuar urdh\u00ebr mbrojtje sipas s\u00eb cilit Haliti nuk guxonte t`i afrohej ish-gruas s\u00eb tij. Udh\u00ebri ishte valid deri n\u00eb muajin mars t\u00eb vitit t\u00eb ardhsh\u00ebm.<\/p>\n<p>Por kjo nuk e pengoi q\u00eb Halili, t\u00eb shkonte n\u00eb Gjinekologji aty ku para disa dit\u00ebsh u shtrua gruaja e q\u00eb pritej ta linde foshjen pas nj\u00eb dit\u00eb.<\/p>\n<p>\u201cMe dat\u00eb 10.08.2022, Prokuroria Themelore n\u00eb Ferizaj \u2013 Departamenti i P\u00ebrgjithsh\u00ebm, ka ngritur aktakuz\u00ebn e evidentuar si: PP.II.nr,1066\/2022, me t\u00eb cilin ka akuzuar t\u00eb pandehurin S.H. p\u00ebr vepr\u00ebn penale kanosja nga neni 181 paragrafi 4 lidhur me paragrafin 2 t\u00eb KPRK-s\u00eb, ndaj t\u00eb d\u00ebmtuar\u00ebs H.M\u201d, thuhet n\u00eb njoftimin e Gjykat\u00ebs.<\/p>\n<p>Pavar\u00ebsisht aktakuz\u00ebs s\u00eb prokuroris\u00eb kur kishte nisur gjykimi Halili ishte deklaruar i pafajsh\u00ebm.<\/p>\n<p>\u201cMe dat\u00eb 07.09.2022 lidhur me k\u00ebt\u00eb aktakuz\u00eb \u00ebsht\u00eb caktuar dhe mbajtur shqyrtimi fillestar, me \u00e7 \u2018rast i pandehuri S.H. ka deklaruar se nuk e pranon faj\u00ebsin\u00eb p\u00ebr vepr\u00ebn penale p\u00ebr t\u00eb cil\u00ebn akuzohet\u201d, thuhet n\u00eb njoftim.<\/p>\n<p>\u201cGjykata n\u00eb afatin prej 30 dit\u00ebve konform nenit 245, 249 dhe 250 t\u00eb KPP-s\u00eb, i ka njoftuar t\u00eb pandehurin dhe mbrojt\u00ebsin e tij se mund t\u00eb paraqesin k\u00ebrkes\u00eb p\u00ebr hudhje t\u00eb aktakuz\u00ebs dhe kund\u00ebrshtimit t\u00eb provave. Mbrojt\u00ebsi i t\u00eb pandehurit S.H. me dat\u00eb 26.09.2022 ka paraqitur k\u00ebrkes\u00eb p\u00ebr hudhjen e aktakuz\u00ebs dhe kund\u00ebrshtimit t\u00eb provave. Gjykata me dat\u00eb 18.11.2022, ka marr aktvendim dhe ka refuzuar k\u00ebrkes\u00ebn e mbrojt\u00ebsi t\u00eb pandehurit p\u00ebr hudhje t\u00eb aktakuz\u00ebs dhe kund\u00ebrshtimit t\u00eb provave\u201d, thuhet m\u00eb tej.<\/p>\n","protected":false},"excerpt":{"rendered":"<p>N\u00eb muajin shtator Gjykata e Ferizajt, e kishte d\u00ebnuar vet\u00ebm me gjob\u00eb Sokol Halilin p\u00ebr arm\u00eb t\u00eb zjarrit, ani pse ndaj tij ishte ngritur aktakuz\u00eb dhe kishte urdh\u00ebr t\u00eb prer\u00eb q\u00eb t\u00eb mos i afrohej ish-gruas Hamide Magashi t\u00eb cil\u00ebn e vrau mbr\u00ebm\u00eb para Gjinekologjis\u00eb ku pritej t\u00eb lind\u00eb foshnj\u00ebn Polica, Prokuroria e Gjykata n\u00eb [&hellip;]<\/p>\n","protected":false},"author":1,"featured_media":133917,"comment_status":"closed","ping_status":"closed","sticky":false,"template":"","format":"standard","meta":{"footnotes":""},"categories":[117],"tags":[],"class_list":{"0":"post-134002","1":"post","2":"type-post","3":"status-publish","4":"format-standard","5":"has-post-thumbnail","7":"category-gjykata"},"_links":{"self":[{"href":"https:\/\/radiostargjilan.com\/web\/wp-json\/wp\/v2\/posts\/134002","targetHints":{"allow":["GET"]}}],"collection":[{"href":"https:\/\/radiostargjilan.com\/web\/wp-json\/wp\/v2\/posts"}],"about":[{"href":"https:\/\/radiostargjilan.com\/web\/wp-json\/wp\/v2\/types\/post"}],"author":[{"embeddable":true,"href":"https:\/\/radiostargjilan.com\/web\/wp-json\/wp\/v2\/users\/1"}],"replies":[{"embeddable":true,"href":"https:\/\/radiostargjilan.com\/web\/wp-json\/wp\/v2\/comments?post=134002"}],"version-history":[{"count":0,"href":"https:\/\/radiostargjilan.com\/web\/wp-json\/wp\/v2\/posts\/134002\/revisions"}],"wp:featuredmedia":[{"embeddable":true,"href":"https:\/\/radiostargjilan.com\/web\/wp-json\/wp\/v2\/media\/133917"}],"wp:attachment":[{"href":"https:\/\/radiostargjilan.com\/web\/wp-json\/wp\/v2\/media?parent=134002"}],"wp:term":[{"taxonomy":"category","embeddable":true,"href":"https:\/\/radiostargjilan.com\/web\/wp-json\/wp\/v2\/categories?post=134002"},{"taxonomy":"post_tag","embeddable":true,"href":"https:\/\/radiostargjilan.com\/web\/wp-json\/wp\/v2\/tags?post=134002"}],"curies":[{"name":"wp","href":"https:\/\/api.w.org\/{rel}","templated":true}]}}