{"id":134361,"date":"2022-12-04T19:15:05","date_gmt":"2022-12-04T18:15:05","guid":{"rendered":"https:\/\/radiostargjilan.com\/web\/?p=134361"},"modified":"2022-12-04T19:15:05","modified_gmt":"2022-12-04T18:15:05","slug":"kurti-buxheti-i-vitit-2023-do-te-jete-i-barabarte-per-te-gjitha-komunat","status":"publish","type":"post","link":"https:\/\/radiostargjilan.com\/web\/kurti-buxheti-i-vitit-2023-do-te-jete-i-barabarte-per-te-gjitha-komunat\/","title":{"rendered":"Kurti: Buxheti i vitit 2023 do t\u00eb jet\u00eb i barabart\u00eb p\u00ebr t\u00eb gjitha komunat"},"content":{"rendered":"<p>Kryeministri i Kosov\u00ebs, Albin Kurti s\u00eb bashku me ministrin Hekuran Murati dhe Elbert Krasniqi kan\u00eb prezantuar buxhetin e vitit 2023 n\u00eb Gjakov\u00eb.<\/p>\n<p>Kurti \u00ebsht\u00eb shprehur se gjat\u00eb hartimit t\u00eb k\u00ebtij buxheti \u00ebsht\u00eb menduar q\u00eb t\u00eb jet\u00eb m\u00eb shum\u00eb p\u00ebr t\u00eb gjith\u00eb.<\/p>\n<p>Ai m\u00eb tej ka th\u00ebn\u00eb se rreth 100 milion\u00eb euro m\u00eb shum\u00eb se k\u00ebt\u00eb vit, parashihet t\u00eb jet\u00eb buxheti p\u00ebr komunat e Kosov\u00ebs.<\/p>\n<p>\u201cM\u00eb shum\u00eb se vitin e kaluar \u00ebsht\u00eb planifikuar t\u00eb jet\u00eb edhe buxheti p\u00ebr Komun\u00ebn e Gjakov\u00ebs, i cili pritet t\u00eb arrij\u00eb vler\u00ebn prej 31,558,422 euro\u201d, shtoi ai nd\u00ebr t\u00eb tjera. \/Z\u00ebri<\/p>\n","protected":false},"excerpt":{"rendered":"<p>Kryeministri i Kosov\u00ebs, Albin Kurti s\u00eb bashku me ministrin Hekuran Murati dhe Elbert Krasniqi kan\u00eb prezantuar buxhetin e vitit 2023 n\u00eb Gjakov\u00eb. Kurti \u00ebsht\u00eb shprehur se gjat\u00eb hartimit t\u00eb k\u00ebtij buxheti \u00ebsht\u00eb menduar q\u00eb t\u00eb jet\u00eb m\u00eb shum\u00eb p\u00ebr t\u00eb gjith\u00eb. Ai m\u00eb tej ka th\u00ebn\u00eb se rreth 100 milion\u00eb euro m\u00eb shum\u00eb se k\u00ebt\u00eb [&hellip;]<\/p>\n","protected":false},"author":1,"featured_media":134362,"comment_status":"closed","ping_status":"closed","sticky":false,"template":"","format":"standard","meta":{"footnotes":""},"categories":[5],"tags":[],"class_list":{"0":"post-134361","1":"post","2":"type-post","3":"status-publish","4":"format-standard","5":"has-post-thumbnail","7":"category-lajme"},"_links":{"self":[{"href":"https:\/\/radiostargjilan.com\/web\/wp-json\/wp\/v2\/posts\/134361","targetHints":{"allow":["GET"]}}],"collection":[{"href":"https:\/\/radiostargjilan.com\/web\/wp-json\/wp\/v2\/posts"}],"about":[{"href":"https:\/\/radiostargjilan.com\/web\/wp-json\/wp\/v2\/types\/post"}],"author":[{"embeddable":true,"href":"https:\/\/radiostargjilan.com\/web\/wp-json\/wp\/v2\/users\/1"}],"replies":[{"embeddable":true,"href":"https:\/\/radiostargjilan.com\/web\/wp-json\/wp\/v2\/comments?post=134361"}],"version-history":[{"count":0,"href":"https:\/\/radiostargjilan.com\/web\/wp-json\/wp\/v2\/posts\/134361\/revisions"}],"wp:featuredmedia":[{"embeddable":true,"href":"https:\/\/radiostargjilan.com\/web\/wp-json\/wp\/v2\/media\/134362"}],"wp:attachment":[{"href":"https:\/\/radiostargjilan.com\/web\/wp-json\/wp\/v2\/media?parent=134361"}],"wp:term":[{"taxonomy":"category","embeddable":true,"href":"https:\/\/radiostargjilan.com\/web\/wp-json\/wp\/v2\/categories?post=134361"},{"taxonomy":"post_tag","embeddable":true,"href":"https:\/\/radiostargjilan.com\/web\/wp-json\/wp\/v2\/tags?post=134361"}],"curies":[{"name":"wp","href":"https:\/\/api.w.org\/{rel}","templated":true}]}}