{"id":134548,"date":"2022-12-06T09:46:21","date_gmt":"2022-12-06T08:46:21","guid":{"rendered":"https:\/\/radiostargjilan.com\/web\/?p=134548"},"modified":"2022-12-06T09:46:21","modified_gmt":"2022-12-06T08:46:21","slug":"ne-gjoks-kishte-tatuazhin-e-adem-jasharit-dhe-uck-se-cfare-tha-familja-dhe-ministria-per-vdekjen-e-kosovarit-ne-burgun-serb","status":"publish","type":"post","link":"https:\/\/radiostargjilan.com\/web\/ne-gjoks-kishte-tatuazhin-e-adem-jasharit-dhe-uck-se-cfare-tha-familja-dhe-ministria-per-vdekjen-e-kosovarit-ne-burgun-serb\/","title":{"rendered":"\u201cN\u00eb gjoks kishte tatuazhin e Adem Jasharit dhe U\u00c7K-s\u00eb\u201d, \u00e7far\u00eb tha familja dhe Ministria p\u00ebr vdekjen e kosovarit n\u00eb burgun serb"},"content":{"rendered":"<p>6 dit\u00eb m\u00eb par\u00eb, m\u00eb 30 n\u00ebntor, n\u00eb mediat norvegjeze \u00ebsht\u00eb raportuar p\u00ebr vdekjen e nj\u00eb shtetasi norvegjez n\u00eb Serbi. Pak informacione jan\u00eb dh\u00ebn\u00eb nga Ministria e Jashtme e Norvegjis\u00eb, mir\u00ebpo dyshimet jan\u00eb se b\u00ebhet fjal\u00eb p\u00ebr nj\u00eb kosovar nga Peja, t\u00eb quajtur Artan Zymberi.<\/p>\n<p>Sipas mediumit norvegjez vg.no, Ministria e Jashtme e Norvegjis\u00eb ka qen\u00eb n\u00eb dijeni q\u00eb nj\u00eb shtetas norvegjez ka vdekur n\u00eb Serbi.<\/p>\n<p>K\u00ebshtu i kishte th\u00ebn\u00eb mediumit k\u00ebshilltari i lart\u00eb i ministris\u00eb, Lars Gjemble.<\/p>\n<p>P\u00ebrve\u00e7 ndarjes s\u00eb informacionit se jan\u00eb informuar t\u00eb af\u00ebrmit e tij, Ministria e Jashtme nuk ka mundur t\u00eb jap m\u00eb shum\u00eb detaje.<\/p>\n<p>familja Zymberi nga qyteti i Pej\u00ebs, por me vendbanim n\u00eb Norvegji, ka b\u00ebr\u00eb t\u00eb ditur se djali i tyre, Artan Zymberi ka vdekur n\u00eb burgun serb, m\u00eb sakt\u00ebsisht n\u00eb (Sremska Mitrovica).<\/p>\n<p>Sipas dyshimeve t\u00eb familjes, Artani \u00ebsht\u00eb vrar\u00eb n\u00eb k\u00ebt\u00eb burg, vet\u00ebm sepse kishte tatuazhe n\u00eb gjoks figur\u00ebn e Adem Jasharin, emblem\u00ebn e U\u00c7K\u2019s\u00eb, dhe Sk\u00ebnderbeun.<\/p>\n<p>Vdekjen e Artan Zymberit, e ka konfirmuar vet babai i t\u00eb ndjerit n\u00eb nj\u00eb prononcim p\u00ebr Periskopin, i cili ka th\u00ebn\u00eb se \u201cpo \u00ebsht\u00eb i v\u00ebrtet\u00eb lajmi, tani jemi n\u00eb Kosov\u00eb, jemi duke shkuar p\u00ebr n\u00eb Beograd p\u00ebr t\u00eb marrur kufom\u00ebn, dhe p\u00ebr t\u00eb shkuar n\u00eb Norvegji\u201d<\/p>\n<p>I gjith\u00eb dyshimi i tyre p\u00ebr vdekjen e Artanit \u00ebsht\u00eb sepse ai kishte tatu; \u201cAdem Jasharin n\u00eb gjoks, Sk\u00ebnd\u00ebrbeun n\u00eb tjetr\u00ebn an\u00eb, shqiponj\u00ebn, dhe ka pasur edhe emblemen e U\u00c7K\u2019s\u00eb.\u201d\/Reporteri\/<\/p>\n","protected":false},"excerpt":{"rendered":"<p>6 dit\u00eb m\u00eb par\u00eb, m\u00eb 30 n\u00ebntor, n\u00eb mediat norvegjeze \u00ebsht\u00eb raportuar p\u00ebr vdekjen e nj\u00eb shtetasi norvegjez n\u00eb Serbi. Pak informacione jan\u00eb dh\u00ebn\u00eb nga Ministria e Jashtme e Norvegjis\u00eb, mir\u00ebpo dyshimet jan\u00eb se b\u00ebhet fjal\u00eb p\u00ebr nj\u00eb kosovar nga Peja, t\u00eb quajtur Artan Zymberi. Sipas mediumit norvegjez vg.no, Ministria e Jashtme e Norvegjis\u00eb ka [&hellip;]<\/p>\n","protected":false},"author":1,"featured_media":134549,"comment_status":"closed","ping_status":"closed","sticky":false,"template":"","format":"standard","meta":{"footnotes":""},"categories":[117],"tags":[],"class_list":{"0":"post-134548","1":"post","2":"type-post","3":"status-publish","4":"format-standard","5":"has-post-thumbnail","7":"category-gjykata"},"_links":{"self":[{"href":"https:\/\/radiostargjilan.com\/web\/wp-json\/wp\/v2\/posts\/134548","targetHints":{"allow":["GET"]}}],"collection":[{"href":"https:\/\/radiostargjilan.com\/web\/wp-json\/wp\/v2\/posts"}],"about":[{"href":"https:\/\/radiostargjilan.com\/web\/wp-json\/wp\/v2\/types\/post"}],"author":[{"embeddable":true,"href":"https:\/\/radiostargjilan.com\/web\/wp-json\/wp\/v2\/users\/1"}],"replies":[{"embeddable":true,"href":"https:\/\/radiostargjilan.com\/web\/wp-json\/wp\/v2\/comments?post=134548"}],"version-history":[{"count":0,"href":"https:\/\/radiostargjilan.com\/web\/wp-json\/wp\/v2\/posts\/134548\/revisions"}],"wp:featuredmedia":[{"embeddable":true,"href":"https:\/\/radiostargjilan.com\/web\/wp-json\/wp\/v2\/media\/134549"}],"wp:attachment":[{"href":"https:\/\/radiostargjilan.com\/web\/wp-json\/wp\/v2\/media?parent=134548"}],"wp:term":[{"taxonomy":"category","embeddable":true,"href":"https:\/\/radiostargjilan.com\/web\/wp-json\/wp\/v2\/categories?post=134548"},{"taxonomy":"post_tag","embeddable":true,"href":"https:\/\/radiostargjilan.com\/web\/wp-json\/wp\/v2\/tags?post=134548"}],"curies":[{"name":"wp","href":"https:\/\/api.w.org\/{rel}","templated":true}]}}