{"id":136174,"date":"2022-12-18T23:56:56","date_gmt":"2022-12-18T22:56:56","guid":{"rendered":"https:\/\/radiostargjilan.com\/web\/?p=136174"},"modified":"2022-12-19T00:02:54","modified_gmt":"2022-12-18T23:02:54","slug":"aksident-i-rende-ne-magjistralen-gjilan-prishtine-4","status":"publish","type":"post","link":"https:\/\/radiostargjilan.com\/web\/aksident-i-rende-ne-magjistralen-gjilan-prishtine-4\/","title":{"rendered":"Aksident i r\u00ebnd\u00eb n\u00eb magjistralen Gjilan-Prishtin\u00eb"},"content":{"rendered":"<p>Nj\u00eb aksident i r\u00ebnd\u00eb ka ndodhur n\u00eb magjistralen Gjilan-Prishtin\u00eb, m\u00eb sakt\u00ebsisht af\u00ebr Liqenit t\u00eb Badovcit, ku jan\u00eb p\u00ebrfshir\u00eb dy vetura shkruan Radio Star.<\/p>\n<p>Nga ky aksident ende nuk dihet p\u00ebr persona t\u00eb l\u00ebnduar, por se d\u00ebmet materiale jan\u00eb t\u00eb konsdierueshme.<\/p>\n<p>Si pasoj\u00eb e k\u00ebtij aksidenti jan\u00eb krijuar kolona t\u00eb gjata n\u00eb k\u00ebt\u00eb magjistrale.\/RadioStar\/<br \/>\n<a href=\"https:\/\/radiostargjilan.com\/web\/wp-content\/uploads\/2022\/12\/1BE79EB3-028E-48B5-9D9C-93C6EEFD8E53.jpeg\"><img loading=\"lazy\" loading=\"lazy\" decoding=\"async\" src=\"https:\/\/radiostargjilan.com\/web\/wp-content\/uploads\/2022\/12\/1BE79EB3-028E-48B5-9D9C-93C6EEFD8E53.jpeg\" alt=\"\" width=\"1918\" height=\"1553\" class=\"alignnone size-full wp-image-136176\" srcset=\"https:\/\/radiostargjilan.com\/web\/wp-content\/uploads\/2022\/12\/1BE79EB3-028E-48B5-9D9C-93C6EEFD8E53.jpeg 1918w, https:\/\/radiostargjilan.com\/web\/wp-content\/uploads\/2022\/12\/1BE79EB3-028E-48B5-9D9C-93C6EEFD8E53-300x243.jpeg 300w, https:\/\/radiostargjilan.com\/web\/wp-content\/uploads\/2022\/12\/1BE79EB3-028E-48B5-9D9C-93C6EEFD8E53-1024x829.jpeg 1024w, https:\/\/radiostargjilan.com\/web\/wp-content\/uploads\/2022\/12\/1BE79EB3-028E-48B5-9D9C-93C6EEFD8E53-768x622.jpeg 768w, https:\/\/radiostargjilan.com\/web\/wp-content\/uploads\/2022\/12\/1BE79EB3-028E-48B5-9D9C-93C6EEFD8E53-1536x1244.jpeg 1536w, https:\/\/radiostargjilan.com\/web\/wp-content\/uploads\/2022\/12\/1BE79EB3-028E-48B5-9D9C-93C6EEFD8E53-860x696.jpeg 860w\" sizes=\"auto, (max-width: 1918px) 100vw, 1918px\" \/><\/a><\/p>\n","protected":false},"excerpt":{"rendered":"<p>Nj\u00eb aksident i r\u00ebnd\u00eb ka ndodhur n\u00eb magjistralen Gjilan-Prishtin\u00eb, m\u00eb sakt\u00ebsisht af\u00ebr Liqenit t\u00eb Badovcit, ku jan\u00eb p\u00ebrfshir\u00eb dy vetura shkruan Radio Star. Nga ky aksident ende nuk dihet p\u00ebr persona t\u00eb l\u00ebnduar, por se d\u00ebmet materiale jan\u00eb t\u00eb konsdierueshme. Si pasoj\u00eb e k\u00ebtij aksidenti jan\u00eb krijuar kolona t\u00eb gjata n\u00eb k\u00ebt\u00eb magjistrale.\/RadioStar\/<\/p>\n","protected":false},"author":1,"featured_media":136176,"comment_status":"closed","ping_status":"closed","sticky":false,"template":"","format":"standard","meta":{"footnotes":""},"categories":[5],"tags":[],"class_list":{"0":"post-136174","1":"post","2":"type-post","3":"status-publish","4":"format-standard","5":"has-post-thumbnail","7":"category-lajme"},"_links":{"self":[{"href":"https:\/\/radiostargjilan.com\/web\/wp-json\/wp\/v2\/posts\/136174","targetHints":{"allow":["GET"]}}],"collection":[{"href":"https:\/\/radiostargjilan.com\/web\/wp-json\/wp\/v2\/posts"}],"about":[{"href":"https:\/\/radiostargjilan.com\/web\/wp-json\/wp\/v2\/types\/post"}],"author":[{"embeddable":true,"href":"https:\/\/radiostargjilan.com\/web\/wp-json\/wp\/v2\/users\/1"}],"replies":[{"embeddable":true,"href":"https:\/\/radiostargjilan.com\/web\/wp-json\/wp\/v2\/comments?post=136174"}],"version-history":[{"count":0,"href":"https:\/\/radiostargjilan.com\/web\/wp-json\/wp\/v2\/posts\/136174\/revisions"}],"wp:featuredmedia":[{"embeddable":true,"href":"https:\/\/radiostargjilan.com\/web\/wp-json\/wp\/v2\/media\/136176"}],"wp:attachment":[{"href":"https:\/\/radiostargjilan.com\/web\/wp-json\/wp\/v2\/media?parent=136174"}],"wp:term":[{"taxonomy":"category","embeddable":true,"href":"https:\/\/radiostargjilan.com\/web\/wp-json\/wp\/v2\/categories?post=136174"},{"taxonomy":"post_tag","embeddable":true,"href":"https:\/\/radiostargjilan.com\/web\/wp-json\/wp\/v2\/tags?post=136174"}],"curies":[{"name":"wp","href":"https:\/\/api.w.org\/{rel}","templated":true}]}}