{"id":136270,"date":"2022-12-19T22:51:33","date_gmt":"2022-12-19T21:51:33","guid":{"rendered":"https:\/\/radiostargjilan.com\/web\/?p=136270"},"modified":"2022-12-19T22:51:33","modified_gmt":"2022-12-19T21:51:33","slug":"lajm-i-madh-halil-kastrati-ne-fundvit-dhuron-celesat-e-113-shtepive-te-reja","status":"publish","type":"post","link":"https:\/\/radiostargjilan.com\/web\/lajm-i-madh-halil-kastrati-ne-fundvit-dhuron-celesat-e-113-shtepive-te-reja\/","title":{"rendered":"Lajm i madh, Halil Kastrati n\u00eb fundvit dhuron \u00e7el\u00ebsat e 113 sht\u00ebpive t\u00eb reja"},"content":{"rendered":"<p>K\u00ebt\u00eb vit Shoqata Bamir\u00ebse \u201cJetimat e Ballkanit\u201d sh\u00ebnon 13 vjetorin e themelimit.<\/p>\n<p>Humanisti i njohur, Halil Kastrati, i cili udh\u00ebheq edhe k\u00ebt\u00eb shoqat\u00eb jep lajmin e madh se do t\u00eb b\u00ebhet dhurimi i 113 sht\u00ebpive t\u00eb reja.<\/p>\n<p>\u201c\ud835\udddf\ud835\uddee\ud835\uddf7\ud835\uddfa \ud835\uddf6 \ud835\uddfa\ud835\uddee\ud835\uddf1\ud835\uddf5\ud83d\ude0a\ud835\ude14\ud835\ude26 \ud835\ude33\ud835\ude22\ud835\ude34\ud835\ude35\ud835\ude2a\ud835\ude2f \ud835\ude26 13 \ud835\ude37\ud835\ude2b\ud835\ude26\ud835\ude35\ud835\ude30\ud835\ude33\ud835\ude2a\ud835\ude35 \ud835\ude35\ud835\ude26 \ud835\ude1a\ud835\ude29\ud835\ude30\ud835\ude32\ud835\ude22\ud835\ude35\u00eb\ud835\ude34 \ud835\ude09\ud835\ude22\ud835\ude2e\ud835\ude2a\ud835\ude33\ud835\ude26\ud835\ude34\ud835\ude26 \u201c\ud835\ude11\ud835\ude26\ud835\ude35\ud835\ude2a\ud835\ude2e\ud835\ude22\ud835\ude35 \ud835\ude26 \ud835\ude09\ud835\ude22\ud835\ude2d\ud835\ude2d\ud835\ude2c\ud835\ude22\ud835\ude2f\ud835\ude2a\ud835\ude35\u201d \ud835\ude25\ud835\ude30 \ud835\ude35\ud835\ude26 \ud835\ude2e\ud835\ude23\ud835\ude22\ud835\ude29\ud835\ude26\ud835\ude35 \ud835\ude26\ud835\ude37\ud835\ude26\ud835\ude2f\ud835\ude35 \ud835\ude2a \ud835\ude2c\ud835\ude26\ud835\ude35\ud835\ude2a\ud835\ude2b \ud835\ude31\ud835\ude26\ud835\ude33\ud835\ude37\ud835\ude2b\ud835\ude26\ud835\ude35\ud835\ude30\ud835\ude33\ud835\ude2a \ud835\ude25\ud835\ude29\ud835\ude26 \ud835\ude2f\ud835\ude26 \ud835\ude2c\ud835\ude26\ud835\ude35\ud835\ude26 \ud835\ude26\ud835\ude37\ud835\ude26\ud835\ude2f\ud835\ude35 \ud835\ude23\ud835\ude26\ud835\ude29\ud835\ude26\ud835\ude35 \ud835\ude25\ud835\ude29\ud835\ude36\ud835\ude33\ud835\ude2a\ud835\ude2e\ud835\ude2a \ud835\ude2a 113 \ud835\ude31\ud835\ude22\ud835\ude2d\ud835\ude26 \u00e7\ud835\ude26\ud835\ude2d\ud835\ude26\ud835\ude34\ud835\ude22\ud835\ude37\ud835\ude26 \ud835\ude35\ud835\ude26 \ud835\ude34\ud835\ude29\ud835\ude35\ud835\ude26\ud835\ude31\ud835\ude2a\ud835\ude37\ud835\ude26 \ud835\ude35\ud835\ude26 \ud835\ude33\ud835\ude26\ud835\ude2b\ud835\ude22. \ud835\ude48\ud835\ude5a \ud835\ude59\ud835\ude56\ud835\ude69\u00eb 28.12.2022, \ud835\ude5a \ud835\ude62\ud835\ude5a\ud835\ude67\ud835\ude60\ud835\ude6a\ud835\ude67\ud835\ude5a, \ud835\ude63\u00eb \ud835\ude64\ud835\ude67\ud835\ude56 17:00 \ud835\ude69\ud835\ude5a \ud835\ude68\ud835\ude5a\ud835\ude61\ud835\ude5e\ud835\ude56 \ud835\ude66\ud835\ude5a\ud835\ude63\ud835\ude59\ud835\ude67\ud835\ude64\ud835\ude67\ud835\ude5a \ud835\ude5a \ud835\ude4e\ud835\ude5d\ud835\ude64\ud835\ude66\ud835\ude56\ud835\ude69\ud835\ude5a\ud835\ude68 \ud835\ude63\ud835\ude5a \ud835\ude42\ud835\ude5f\ud835\ude5e\ud835\ude63\ud835\ude64\ud835\ude58 \ud835\ude69\ud835\ude5a \ud835\ude4e\ud835\ude6a\ud835\ude5d\ud835\ude56\ud835\ude67\ud835\ude5a\ud835\ude60\ud835\ude5a\ud835\ude68.\ud835\uddd5\ud835\uddee\ud835\uddfa\ud835\uddf6\ud835\uddff\ud835\uddf2\ud835\ude00, \ud835\udded\ud835\uddfc\ud835\ude01\ud835\uddf6 \ud835\uddf8\ud835\ude02\ud835\uddff\ud835\uddff\ud835\uddf2 \ud835\uddfa\ud835\uddfc\ud835\ude00 \ud835\uddf7\ud835\ude02 \ud835\uddf5\ud835\ude02\ud835\uddfa\ud835\uddef\ud835\ude01\ud835\uddf2!\u201d, ka shkruar ai.<\/p>\n","protected":false},"excerpt":{"rendered":"<p>K\u00ebt\u00eb vit Shoqata Bamir\u00ebse \u201cJetimat e Ballkanit\u201d sh\u00ebnon 13 vjetorin e themelimit. Humanisti i njohur, Halil Kastrati, i cili udh\u00ebheq edhe k\u00ebt\u00eb shoqat\u00eb jep lajmin e madh se do t\u00eb b\u00ebhet dhurimi i 113 sht\u00ebpive t\u00eb reja. \u201c\ud835\udddf\ud835\uddee\ud835\uddf7\ud835\uddfa \ud835\uddf6 \ud835\uddfa\ud835\uddee\ud835\uddf1\ud835\uddf5\ud83d\ude0a\ud835\ude14\ud835\ude26 \ud835\ude33\ud835\ude22\ud835\ude34\ud835\ude35\ud835\ude2a\ud835\ude2f \ud835\ude26 13 \ud835\ude37\ud835\ude2b\ud835\ude26\ud835\ude35\ud835\ude30\ud835\ude33\ud835\ude2a\ud835\ude35 \ud835\ude35\ud835\ude26 \ud835\ude1a\ud835\ude29\ud835\ude30\ud835\ude32\ud835\ude22\ud835\ude35\u00eb\ud835\ude34 \ud835\ude09\ud835\ude22\ud835\ude2e\ud835\ude2a\ud835\ude33\ud835\ude26\ud835\ude34\ud835\ude26 \u201c\ud835\ude11\ud835\ude26\ud835\ude35\ud835\ude2a\ud835\ude2e\ud835\ude22\ud835\ude35 \ud835\ude26 \ud835\ude09\ud835\ude22\ud835\ude2d\ud835\ude2d\ud835\ude2c\ud835\ude22\ud835\ude2f\ud835\ude2a\ud835\ude35\u201d \ud835\ude25\ud835\ude30 \ud835\ude35\ud835\ude26 \ud835\ude2e\ud835\ude23\ud835\ude22\ud835\ude29\ud835\ude26\ud835\ude35 \ud835\ude26\ud835\ude37\ud835\ude26\ud835\ude2f\ud835\ude35 \ud835\ude2a [&hellip;]<\/p>\n","protected":false},"author":1,"featured_media":136274,"comment_status":"closed","ping_status":"closed","sticky":false,"template":"","format":"standard","meta":{"footnotes":""},"categories":[5],"tags":[],"class_list":{"0":"post-136270","1":"post","2":"type-post","3":"status-publish","4":"format-standard","5":"has-post-thumbnail","7":"category-lajme"},"_links":{"self":[{"href":"https:\/\/radiostargjilan.com\/web\/wp-json\/wp\/v2\/posts\/136270","targetHints":{"allow":["GET"]}}],"collection":[{"href":"https:\/\/radiostargjilan.com\/web\/wp-json\/wp\/v2\/posts"}],"about":[{"href":"https:\/\/radiostargjilan.com\/web\/wp-json\/wp\/v2\/types\/post"}],"author":[{"embeddable":true,"href":"https:\/\/radiostargjilan.com\/web\/wp-json\/wp\/v2\/users\/1"}],"replies":[{"embeddable":true,"href":"https:\/\/radiostargjilan.com\/web\/wp-json\/wp\/v2\/comments?post=136270"}],"version-history":[{"count":0,"href":"https:\/\/radiostargjilan.com\/web\/wp-json\/wp\/v2\/posts\/136270\/revisions"}],"wp:featuredmedia":[{"embeddable":true,"href":"https:\/\/radiostargjilan.com\/web\/wp-json\/wp\/v2\/media\/136274"}],"wp:attachment":[{"href":"https:\/\/radiostargjilan.com\/web\/wp-json\/wp\/v2\/media?parent=136270"}],"wp:term":[{"taxonomy":"category","embeddable":true,"href":"https:\/\/radiostargjilan.com\/web\/wp-json\/wp\/v2\/categories?post=136270"},{"taxonomy":"post_tag","embeddable":true,"href":"https:\/\/radiostargjilan.com\/web\/wp-json\/wp\/v2\/tags?post=136270"}],"curies":[{"name":"wp","href":"https:\/\/api.w.org\/{rel}","templated":true}]}}