{"id":13638,"date":"2018-03-23T15:00:10","date_gmt":"2018-03-23T15:00:10","guid":{"rendered":"http:\/\/radiostargjilan.com\/web\/?p=13638"},"modified":"2018-03-23T15:00:10","modified_gmt":"2018-03-23T15:00:10","slug":"departamenti-i-shtetit-i-ka-ndare-cmimin-nderkombetar-per-grate-e-guximshme-gjilanases","status":"publish","type":"post","link":"https:\/\/radiostargjilan.com\/web\/departamenti-i-shtetit-i-ka-ndare-cmimin-nderkombetar-per-grate-e-guximshme-gjilanases\/","title":{"rendered":"Departamenti i Shtetit i ka ndar\u00eb \u00c7mimin Nd\u00ebrkomb\u00ebtar p\u00ebr Grat\u00eb e Guximshme gjilanases"},"content":{"rendered":"<p>Lajmi i jasht\u00ebzaonsh\u00ebm p\u00ebr sot \u00ebsht\u00eb se Departamenti i Shtetit i ka ndar\u00eb \u00c7mimin Nd\u00ebrkomb\u00ebtar p\u00ebr Grat\u00eb e Guximshme gjilanases son\u00eb, Feride Rushiti. Me k\u00ebt\u00eb \u00e7mim, Rushiti e ka nderuar n\u00eb radh\u00eb t\u00eb par\u00eb qytetin e lindjes, Gjilanin dhe t\u00eb gjith\u00eb shqiptar\u00ebt kudo. \u00cbsht\u00eb \u00e7mim i merituar marr\u00eb parasysh\u00eb kontributin e saj t\u00eb jasht\u00ebzakonsh\u00ebm n\u00eb ofrimin e sh\u00ebrbimeve rehabilituese, ndihm\u00ebs mjek\u00ebsore dhe psiko-sociale p\u00ebr t\u00eb sapo kthyerit e pasluft\u00ebs, t\u00eb mbijetuar t\u00eb tortur\u00ebs dhe dhun\u00ebs sistematike. Urimet m\u00eb t\u00eb p\u00ebrzem\u00ebrta!<\/p>\n","protected":false},"excerpt":{"rendered":"<p>Lajmi i jasht\u00ebzaonsh\u00ebm p\u00ebr sot \u00ebsht\u00eb se Departamenti i Shtetit i ka ndar\u00eb \u00c7mimin Nd\u00ebrkomb\u00ebtar p\u00ebr Grat\u00eb e Guximshme gjilanases son\u00eb, Feride Rushiti. Me k\u00ebt\u00eb \u00e7mim, Rushiti e ka nderuar n\u00eb radh\u00eb t\u00eb par\u00eb qytetin e lindjes, Gjilanin dhe t\u00eb gjith\u00eb shqiptar\u00ebt kudo. \u00cbsht\u00eb \u00e7mim i merituar marr\u00eb parasysh\u00eb kontributin e saj t\u00eb jasht\u00ebzakonsh\u00ebm n\u00eb [&hellip;]<\/p>\n","protected":false},"author":1,"featured_media":13639,"comment_status":"closed","ping_status":"closed","sticky":false,"template":"","format":"standard","meta":{"footnotes":""},"categories":[5],"tags":[],"class_list":{"0":"post-13638","1":"post","2":"type-post","3":"status-publish","4":"format-standard","5":"has-post-thumbnail","7":"category-lajme"},"_links":{"self":[{"href":"https:\/\/radiostargjilan.com\/web\/wp-json\/wp\/v2\/posts\/13638","targetHints":{"allow":["GET"]}}],"collection":[{"href":"https:\/\/radiostargjilan.com\/web\/wp-json\/wp\/v2\/posts"}],"about":[{"href":"https:\/\/radiostargjilan.com\/web\/wp-json\/wp\/v2\/types\/post"}],"author":[{"embeddable":true,"href":"https:\/\/radiostargjilan.com\/web\/wp-json\/wp\/v2\/users\/1"}],"replies":[{"embeddable":true,"href":"https:\/\/radiostargjilan.com\/web\/wp-json\/wp\/v2\/comments?post=13638"}],"version-history":[{"count":0,"href":"https:\/\/radiostargjilan.com\/web\/wp-json\/wp\/v2\/posts\/13638\/revisions"}],"wp:featuredmedia":[{"embeddable":true,"href":"https:\/\/radiostargjilan.com\/web\/wp-json\/wp\/v2\/media\/13639"}],"wp:attachment":[{"href":"https:\/\/radiostargjilan.com\/web\/wp-json\/wp\/v2\/media?parent=13638"}],"wp:term":[{"taxonomy":"category","embeddable":true,"href":"https:\/\/radiostargjilan.com\/web\/wp-json\/wp\/v2\/categories?post=13638"},{"taxonomy":"post_tag","embeddable":true,"href":"https:\/\/radiostargjilan.com\/web\/wp-json\/wp\/v2\/tags?post=13638"}],"curies":[{"name":"wp","href":"https:\/\/api.w.org\/{rel}","templated":true}]}}