{"id":136892,"date":"2022-12-25T09:21:12","date_gmt":"2022-12-25T08:21:12","guid":{"rendered":"https:\/\/radiostargjilan.com\/web\/?p=136892"},"modified":"2022-12-25T09:21:12","modified_gmt":"2022-12-25T08:21:12","slug":"temperaturat-per-sot-49","status":"publish","type":"post","link":"https:\/\/radiostargjilan.com\/web\/temperaturat-per-sot-49\/","title":{"rendered":"Temperaturat p\u00ebr sot"},"content":{"rendered":"<p>Instituti Hidrometeorologjik i Kosov\u00ebs ka njoftuar se t\u00eb diel\u00ebn parashihet t\u00eb jet\u00eb mot kryesisht i qet\u00eb me vran\u00ebsira t\u00eb pjesshme dhe rreze dielli.<\/p>\n<p>Sipas institutit, temperaturat minimale do t\u00eb l\u00ebvizin nd\u00ebrmjet 1-3 grad\u00eb Celsius, nd\u00ebrsa maksimalet e dit\u00ebs parashihen t\u00eb l\u00ebvizin nd\u00ebrmjet 6-9 grad\u00eb Celsius.<\/p>\n<p>\u201cDo t\u00eb fryj\u00eb er\u00eb kryesisht nga veriper\u00ebndimi dhe jugper\u00ebndimi me shpejt\u00ebsi 1-9m\/s\u201d, thuhet n\u00eb njoftim.<\/p>\n<p>Njoftimi i plot\u00eb:<\/p>\n<p>T\u00eb shtun\u00ebn parashihet t\u00eb mbaj\u00eb mot i vran\u00ebt dhe me intervale me diell. Vran\u00ebsirat n\u00eb pjes\u00ebn e dyt\u00eb t\u00eb dit\u00ebs vende \u2013 vende parashihen t\u00eb sjellin riga shiu. Temperaturat minimale do t\u00eb l\u00ebvizin nd\u00ebrmjet 0-2 grad\u00eb, nd\u00ebrsa maksimalet e dit\u00ebs parashihen t\u00eb l\u00ebvizin nd\u00ebrmjet 5-8 grad\u00eb Celsius.<\/p>\n<p>T\u00eb diel\u00ebn mot kryesisht i qet\u00eb , me vran\u00ebsira t\u00eb pjesshme dhe rreze dielli. Temperaturat minimale do t\u00eb l\u00ebvizin nd\u00ebrmjet 1-3 grad\u00eb Celsius, nd\u00ebrsa maksimalet e dit\u00ebs parashihen t\u00eb l\u00ebvizin nd\u00ebrmjet 6-9 grad\u00eb Celsius.<\/p>\n<p>Gjat\u00eb vikendit do t\u00eb fryj\u00eb er\u00eb kryesisht nga veriper\u00ebndimi dhe jugper\u00ebndimi me shpejt\u00ebsi 1-9m\/s.<\/p>\n","protected":false},"excerpt":{"rendered":"<p>Instituti Hidrometeorologjik i Kosov\u00ebs ka njoftuar se t\u00eb diel\u00ebn parashihet t\u00eb jet\u00eb mot kryesisht i qet\u00eb me vran\u00ebsira t\u00eb pjesshme dhe rreze dielli. Sipas institutit, temperaturat minimale do t\u00eb l\u00ebvizin nd\u00ebrmjet 1-3 grad\u00eb Celsius, nd\u00ebrsa maksimalet e dit\u00ebs parashihen t\u00eb l\u00ebvizin nd\u00ebrmjet 6-9 grad\u00eb Celsius. \u201cDo t\u00eb fryj\u00eb er\u00eb kryesisht nga veriper\u00ebndimi dhe jugper\u00ebndimi me [&hellip;]<\/p>\n","protected":false},"author":1,"featured_media":135164,"comment_status":"closed","ping_status":"closed","sticky":false,"template":"","format":"standard","meta":{"footnotes":""},"categories":[5],"tags":[],"class_list":{"0":"post-136892","1":"post","2":"type-post","3":"status-publish","4":"format-standard","5":"has-post-thumbnail","7":"category-lajme"},"_links":{"self":[{"href":"https:\/\/radiostargjilan.com\/web\/wp-json\/wp\/v2\/posts\/136892","targetHints":{"allow":["GET"]}}],"collection":[{"href":"https:\/\/radiostargjilan.com\/web\/wp-json\/wp\/v2\/posts"}],"about":[{"href":"https:\/\/radiostargjilan.com\/web\/wp-json\/wp\/v2\/types\/post"}],"author":[{"embeddable":true,"href":"https:\/\/radiostargjilan.com\/web\/wp-json\/wp\/v2\/users\/1"}],"replies":[{"embeddable":true,"href":"https:\/\/radiostargjilan.com\/web\/wp-json\/wp\/v2\/comments?post=136892"}],"version-history":[{"count":0,"href":"https:\/\/radiostargjilan.com\/web\/wp-json\/wp\/v2\/posts\/136892\/revisions"}],"wp:featuredmedia":[{"embeddable":true,"href":"https:\/\/radiostargjilan.com\/web\/wp-json\/wp\/v2\/media\/135164"}],"wp:attachment":[{"href":"https:\/\/radiostargjilan.com\/web\/wp-json\/wp\/v2\/media?parent=136892"}],"wp:term":[{"taxonomy":"category","embeddable":true,"href":"https:\/\/radiostargjilan.com\/web\/wp-json\/wp\/v2\/categories?post=136892"},{"taxonomy":"post_tag","embeddable":true,"href":"https:\/\/radiostargjilan.com\/web\/wp-json\/wp\/v2\/tags?post=136892"}],"curies":[{"name":"wp","href":"https:\/\/api.w.org\/{rel}","templated":true}]}}