{"id":137127,"date":"2022-12-27T18:31:41","date_gmt":"2022-12-27T17:31:41","guid":{"rendered":"https:\/\/radiostargjilan.com\/web\/?p=137127"},"modified":"2022-12-27T18:31:41","modified_gmt":"2022-12-27T17:31:41","slug":"ministria-licenson-federaten-e-basketbollit","status":"publish","type":"post","link":"https:\/\/radiostargjilan.com\/web\/ministria-licenson-federaten-e-basketbollit\/","title":{"rendered":"Ministria licenson Federat\u00ebn e Basketbollit"},"content":{"rendered":"<p>Federata e Basketbollit t\u00eb Kosov\u00ebs (FBK) p\u00ebrmes nj\u00eb komunikate zyrtare ka njoftuar se \u00ebsht\u00eb licencuar nga Ministria e Kultur\u00ebs Rinis\u00eb dhe Sportit (MKRS).<\/p>\n<p>Komunikata e plot\u00eb:<\/p>\n<p>Licencohet Federata e Basketbollit<\/p>\n<p>N\u00eb kuad\u00ebr t\u00eb licencimit t\u00eb federatave sportive sipas udh\u00ebzimit t\u00eb ri administrativ p\u00ebr licencimin e federatave, sot ministri i Sportit, Hajrulla \u00c7eku s\u00eb bashku me z\u00ebvend\u00ebsministren Daulina Osmani kan\u00eb pritur drejtuesit e Federat\u00ebs s\u00eb Basketbollit t\u00eb Kosov\u00ebs, Kryetarin Arben Fetahu dhe Sekretaren e P\u00ebrgjithshme Elvira Dushku.<br \/>\nK\u00ebsaj radhe, pas rekomandimit pozitiv t\u00eb Komisionit p\u00ebr licencim n\u00eb kuad\u00ebr t\u00eb Ministris\u00eb s\u00eb Sportit, ministri \u00c7eku i ka n\u00ebnshkruar dhe i ka dor\u00ebzuar zyrtarisht licenc\u00ebn p\u00ebr ushtrimin e veprimtaris\u00eb kryetarit t\u00eb Federat\u00ebs s\u00eb Basketbollit, Arben Fetahu, kryetarit t\u00eb Federat\u00ebs s\u00eb Volejbollit, Bahri Gjinovci dhe kryetarit t\u00eb Federat\u00ebs s\u00eb Atletik\u00ebs, Halil Sylejmani.<\/p>\n<p>#FBK #fbkkosova #MKRS #Licencimi<\/p>\n","protected":false},"excerpt":{"rendered":"<p>Federata e Basketbollit t\u00eb Kosov\u00ebs (FBK) p\u00ebrmes nj\u00eb komunikate zyrtare ka njoftuar se \u00ebsht\u00eb licencuar nga Ministria e Kultur\u00ebs Rinis\u00eb dhe Sportit (MKRS). Komunikata e plot\u00eb: Licencohet Federata e Basketbollit N\u00eb kuad\u00ebr t\u00eb licencimit t\u00eb federatave sportive sipas udh\u00ebzimit t\u00eb ri administrativ p\u00ebr licencimin e federatave, sot ministri i Sportit, Hajrulla \u00c7eku s\u00eb bashku me [&hellip;]<\/p>\n","protected":false},"author":1,"featured_media":137128,"comment_status":"closed","ping_status":"closed","sticky":false,"template":"","format":"standard","meta":{"footnotes":""},"categories":[7],"tags":[],"class_list":{"0":"post-137127","1":"post","2":"type-post","3":"status-publish","4":"format-standard","5":"has-post-thumbnail","7":"category-sports"},"_links":{"self":[{"href":"https:\/\/radiostargjilan.com\/web\/wp-json\/wp\/v2\/posts\/137127","targetHints":{"allow":["GET"]}}],"collection":[{"href":"https:\/\/radiostargjilan.com\/web\/wp-json\/wp\/v2\/posts"}],"about":[{"href":"https:\/\/radiostargjilan.com\/web\/wp-json\/wp\/v2\/types\/post"}],"author":[{"embeddable":true,"href":"https:\/\/radiostargjilan.com\/web\/wp-json\/wp\/v2\/users\/1"}],"replies":[{"embeddable":true,"href":"https:\/\/radiostargjilan.com\/web\/wp-json\/wp\/v2\/comments?post=137127"}],"version-history":[{"count":0,"href":"https:\/\/radiostargjilan.com\/web\/wp-json\/wp\/v2\/posts\/137127\/revisions"}],"wp:featuredmedia":[{"embeddable":true,"href":"https:\/\/radiostargjilan.com\/web\/wp-json\/wp\/v2\/media\/137128"}],"wp:attachment":[{"href":"https:\/\/radiostargjilan.com\/web\/wp-json\/wp\/v2\/media?parent=137127"}],"wp:term":[{"taxonomy":"category","embeddable":true,"href":"https:\/\/radiostargjilan.com\/web\/wp-json\/wp\/v2\/categories?post=137127"},{"taxonomy":"post_tag","embeddable":true,"href":"https:\/\/radiostargjilan.com\/web\/wp-json\/wp\/v2\/tags?post=137127"}],"curies":[{"name":"wp","href":"https:\/\/api.w.org\/{rel}","templated":true}]}}