{"id":137236,"date":"2022-12-28T14:22:50","date_gmt":"2022-12-28T13:22:50","guid":{"rendered":"https:\/\/radiostargjilan.com\/web\/?p=137236"},"modified":"2022-12-28T14:22:50","modified_gmt":"2022-12-28T13:22:50","slug":"kryetari-hyseni-ka-vazhduar-takimet-me-udheheqesit-e-qkmf-se-qmf-ve-dhe-amf-ve-per-riorganizimin-strukturor-te-qendrave-shendetesore-per-sherbime-me-cilesore-per-qytetaret","status":"publish","type":"post","link":"https:\/\/radiostargjilan.com\/web\/kryetari-hyseni-ka-vazhduar-takimet-me-udheheqesit-e-qkmf-se-qmf-ve-dhe-amf-ve-per-riorganizimin-strukturor-te-qendrave-shendetesore-per-sherbime-me-cilesore-per-qytetaret\/","title":{"rendered":"Kryetari Hyseni ka vazhduar takimet me udh\u00ebheq\u00ebsit e QKMF-s\u00eb, QMF-ve dhe AMF-ve, p\u00ebr riorganizimin strukturor t\u00eb qendrave sh\u00ebndet\u00ebsore p\u00ebr sh\u00ebrbime m\u00eb cil\u00ebsore p\u00ebr qytetar\u00ebt"},"content":{"rendered":"<p>Kryetari i Komun\u00ebs s\u00eb Gjilanit, Alban Hyseni, s\u00eb bashku me drejtoresh\u00ebn p\u00ebr Sh\u00ebndet\u00ebsi, Auror\u00eb Osmani, ka vazhduar takimet me udh\u00ebheq\u00ebsit e Qendr\u00ebs Kryesore t\u00eb Mjek\u00ebsis\u00eb  Familjare (QKMF), t\u00eb Qendrave t\u00eb Mjek\u00ebsis\u00eb Familjare (QMF) dhe t\u00eb Ambulancave t\u00eb Mjek\u00ebsis\u00eb Familjare (AMF), lidhur me riorganizimin strukturor Qendrave t\u00eb sh\u00ebrbimeve sh\u00ebndet\u00ebsore.<\/p>\n<p>Kryetari Hyseni ka th\u00ebn\u00eb me k\u00ebt\u00eb rast se riorganizimi strukturor do t\u00eb sjell\u00eb sh\u00ebrbime m\u00eb cil\u00ebsore dhe korrekte p\u00ebr t\u00eb gjith\u00eb bashk\u00ebqytetar\u00ebt n\u00eb nevoj\u00eb.<\/p>\n<p>\u201cDuke i kushtuar kujdes t\u00eb ve\u00e7ant\u00eb sh\u00ebndetit t\u00eb pacient\u00ebve t\u00eb cil\u00ebt marrin sh\u00ebrbime t\u00eb p\u00ebrditshme n\u00eb k\u00ebto qendra, bashk\u00eb me udh\u00ebheq\u00ebsit vazhduam diskutimet p\u00ebr nevojat e QKMF-s\u00eb, QMF-ve dhe AMF-ve n\u00eb komun\u00ebn e Gjilanit, ku u dakorduam p\u00ebr riorganizimin e brendsh\u00ebm strukturor, ndryshim i cili do t\u00eb sjell\u00eb sh\u00ebrbime m\u00eb cil\u00ebsore dhe korrekte p\u00ebr t\u00eb gjith\u00eb bashk\u00ebqytetar\u00ebt n\u00eb nevoj\u00eb\u201d, ka th\u00ebn\u00eb kryetari Hyseni.<\/p>\n<p>P\u00ebrndryshe, ky takim i kryetarit Hyseni ka qen\u00eb vazhdim\u00ebsi e takimit t\u00eb zhvilluar jav\u00ebn e kaluar n\u00eb Qendr\u00ebn Kryesore t\u00eb Mjek\u00ebsis\u00eb Familjare.<\/p>\n","protected":false},"excerpt":{"rendered":"<p>Kryetari i Komun\u00ebs s\u00eb Gjilanit, Alban Hyseni, s\u00eb bashku me drejtoresh\u00ebn p\u00ebr Sh\u00ebndet\u00ebsi, Auror\u00eb Osmani, ka vazhduar takimet me udh\u00ebheq\u00ebsit e Qendr\u00ebs Kryesore t\u00eb Mjek\u00ebsis\u00eb Familjare (QKMF), t\u00eb Qendrave t\u00eb Mjek\u00ebsis\u00eb Familjare (QMF) dhe t\u00eb Ambulancave t\u00eb Mjek\u00ebsis\u00eb Familjare (AMF), lidhur me riorganizimin strukturor Qendrave t\u00eb sh\u00ebrbimeve sh\u00ebndet\u00ebsore. Kryetari Hyseni ka th\u00ebn\u00eb me k\u00ebt\u00eb rast [&hellip;]<\/p>\n","protected":false},"author":1,"featured_media":137237,"comment_status":"closed","ping_status":"closed","sticky":false,"template":"","format":"standard","meta":{"footnotes":""},"categories":[5],"tags":[],"class_list":{"0":"post-137236","1":"post","2":"type-post","3":"status-publish","4":"format-standard","5":"has-post-thumbnail","7":"category-lajme"},"_links":{"self":[{"href":"https:\/\/radiostargjilan.com\/web\/wp-json\/wp\/v2\/posts\/137236","targetHints":{"allow":["GET"]}}],"collection":[{"href":"https:\/\/radiostargjilan.com\/web\/wp-json\/wp\/v2\/posts"}],"about":[{"href":"https:\/\/radiostargjilan.com\/web\/wp-json\/wp\/v2\/types\/post"}],"author":[{"embeddable":true,"href":"https:\/\/radiostargjilan.com\/web\/wp-json\/wp\/v2\/users\/1"}],"replies":[{"embeddable":true,"href":"https:\/\/radiostargjilan.com\/web\/wp-json\/wp\/v2\/comments?post=137236"}],"version-history":[{"count":0,"href":"https:\/\/radiostargjilan.com\/web\/wp-json\/wp\/v2\/posts\/137236\/revisions"}],"wp:featuredmedia":[{"embeddable":true,"href":"https:\/\/radiostargjilan.com\/web\/wp-json\/wp\/v2\/media\/137237"}],"wp:attachment":[{"href":"https:\/\/radiostargjilan.com\/web\/wp-json\/wp\/v2\/media?parent=137236"}],"wp:term":[{"taxonomy":"category","embeddable":true,"href":"https:\/\/radiostargjilan.com\/web\/wp-json\/wp\/v2\/categories?post=137236"},{"taxonomy":"post_tag","embeddable":true,"href":"https:\/\/radiostargjilan.com\/web\/wp-json\/wp\/v2\/tags?post=137236"}],"curies":[{"name":"wp","href":"https:\/\/api.w.org\/{rel}","templated":true}]}}