{"id":137241,"date":"2022-12-28T15:10:12","date_gmt":"2022-12-28T14:10:12","guid":{"rendered":"https:\/\/radiostargjilan.com\/web\/?p=137241"},"modified":"2022-12-28T15:12:03","modified_gmt":"2022-12-28T14:12:03","slug":"reagon-kgjk-ja-akuzon-kurtin-se-po-tenton-te-nderhyje-ne-drejtesi","status":"publish","type":"post","link":"https:\/\/radiostargjilan.com\/web\/reagon-kgjk-ja-akuzon-kurtin-se-po-tenton-te-nderhyje-ne-drejtesi\/","title":{"rendered":"Reagon KGJK-ja, akuzon Kurtin se po tenton t\u00eb nd\u00ebrhyj\u00eb n\u00eb drejt\u00ebsi"},"content":{"rendered":"<p>K\u00ebshilli Gjyq\u00ebsor i Kosov\u00ebs ka shprehur shqet\u00ebsim pas fjal\u00ebve t\u00eb kryeministrit Albin Kurti i cili ka th\u00ebn\u00eb se \u00ebsht\u00eb kureshtar t\u00eb dij\u00eb emrin e gjyqtarit dhe emrin e prokurorit q\u00eb mor\u00ebn vendim p\u00ebr ish-policin Dejan Pantiq t\u00eb m\u00ebrkur\u00ebn. Pantiqit, q\u00eb dyshohet p\u00ebr sulm ndaj Policis\u00eb s\u00eb Kosov\u00ebs dhe Komisioneve Komunale Zgjedhore n\u00eb veri, i \u00ebsht\u00eb ndryshuar masa nga paraburgimi n\u00eb arrest sht\u00ebpiak t\u00eb m\u00ebrkur\u00ebn nga nj\u00eb vendim i Gjykat\u00ebs Themelore n\u00eb Prishtin\u00eb me propozim t\u00eb Prokuroris\u00eb Speciale.<\/p>\n<p>KGJK-ja ka th\u00ebn\u00eb se gjyqtar\u00ebt duhet t\u00eb jen\u00eb t\u00eb pavarur gjat\u00eb ushtrimit t\u00eb detyrave t\u00eb tyre kushtetuese dhe ligjore, nd\u00ebrsa \u201ctendencat p\u00ebr nd\u00ebrhyrje jan\u00eb t\u00eb papranueshme dhe si t\u00eb till\u00eb i d\u00ebnojm\u00eb fuqish\u00ebm\u201d:<\/p>\n<p>\u201cSa i p\u00ebrket pyetjes s\u00eb kryeministrit Kurti p\u00ebr emrin e gjyqtarit q\u00eb ka vendosur n\u00eb lidhje me k\u00ebt\u00eb rast, K\u00ebshilli Gjyq\u00ebsor publikisht e informon lryeministrin Kurti se bazuar n\u00eb Kushtetut\u00eb dhe Ligj, personi zyrtar kompetent q\u00eb ka marr k\u00ebt\u00eb vendim quhet gjyqtar i Republik\u00ebs s\u00eb Kosov\u00ebs, vendimet e t\u00eb cilit duhet t\u00eb respektohen pa i komentuar, pa p\u00ebrjashtim, p\u00ebrfshir\u00eb edhe Qeverin\u00eb\u201d, thuhet n\u00eb reagimin e KGJK-s\u00eb.<\/p>\n<p>Z\u00ebdh\u00ebn\u00ebsi i L\u00ebvizjes Vet\u00ebvendosje, partis\u00eb n\u00eb pushtet, Arlind Manxhuka, e ka konsideruar \u201cakt tradhtie\u201d lirimin e Pantiqit\/Indeksonline\/<\/p>\n","protected":false},"excerpt":{"rendered":"<p>K\u00ebshilli Gjyq\u00ebsor i Kosov\u00ebs ka shprehur shqet\u00ebsim pas fjal\u00ebve t\u00eb kryeministrit Albin Kurti i cili ka th\u00ebn\u00eb se \u00ebsht\u00eb kureshtar t\u00eb dij\u00eb emrin e gjyqtarit dhe emrin e prokurorit q\u00eb mor\u00ebn vendim p\u00ebr ish-policin Dejan Pantiq t\u00eb m\u00ebrkur\u00ebn. Pantiqit, q\u00eb dyshohet p\u00ebr sulm ndaj Policis\u00eb s\u00eb Kosov\u00ebs dhe Komisioneve Komunale Zgjedhore n\u00eb veri, i \u00ebsht\u00eb [&hellip;]<\/p>\n","protected":false},"author":1,"featured_media":137245,"comment_status":"closed","ping_status":"closed","sticky":false,"template":"","format":"standard","meta":{"footnotes":""},"categories":[117],"tags":[],"class_list":{"0":"post-137241","1":"post","2":"type-post","3":"status-publish","4":"format-standard","5":"has-post-thumbnail","7":"category-gjykata"},"_links":{"self":[{"href":"https:\/\/radiostargjilan.com\/web\/wp-json\/wp\/v2\/posts\/137241","targetHints":{"allow":["GET"]}}],"collection":[{"href":"https:\/\/radiostargjilan.com\/web\/wp-json\/wp\/v2\/posts"}],"about":[{"href":"https:\/\/radiostargjilan.com\/web\/wp-json\/wp\/v2\/types\/post"}],"author":[{"embeddable":true,"href":"https:\/\/radiostargjilan.com\/web\/wp-json\/wp\/v2\/users\/1"}],"replies":[{"embeddable":true,"href":"https:\/\/radiostargjilan.com\/web\/wp-json\/wp\/v2\/comments?post=137241"}],"version-history":[{"count":0,"href":"https:\/\/radiostargjilan.com\/web\/wp-json\/wp\/v2\/posts\/137241\/revisions"}],"wp:featuredmedia":[{"embeddable":true,"href":"https:\/\/radiostargjilan.com\/web\/wp-json\/wp\/v2\/media\/137245"}],"wp:attachment":[{"href":"https:\/\/radiostargjilan.com\/web\/wp-json\/wp\/v2\/media?parent=137241"}],"wp:term":[{"taxonomy":"category","embeddable":true,"href":"https:\/\/radiostargjilan.com\/web\/wp-json\/wp\/v2\/categories?post=137241"},{"taxonomy":"post_tag","embeddable":true,"href":"https:\/\/radiostargjilan.com\/web\/wp-json\/wp\/v2\/tags?post=137241"}],"curies":[{"name":"wp","href":"https:\/\/api.w.org\/{rel}","templated":true}]}}