{"id":139229,"date":"2023-01-16T21:57:34","date_gmt":"2023-01-16T20:57:34","guid":{"rendered":"https:\/\/radiostargjilan.com\/web\/?p=139229"},"modified":"2023-01-16T21:58:38","modified_gmt":"2023-01-16T20:58:38","slug":"a-mund-ta-rregulloni-kaosin-ne-rrugen-e-shkurter-mbrapa-teatrit-te-qytetit","status":"publish","type":"post","link":"https:\/\/radiostargjilan.com\/web\/a-mund-ta-rregulloni-kaosin-ne-rrugen-e-shkurter-mbrapa-teatrit-te-qytetit\/","title":{"rendered":"A mund ta rregulloni kaosin n\u00eb rrug\u00ebn e shkurt\u00ebr mbrapa Teatrit t\u00eb qytetit?!"},"content":{"rendered":"<p>Shkruan: Avni Rudaku<\/p>\n<p>Aty ku ishte kinemaja e qytetit, u b\u00eb nj\u00eb objekt i lart\u00eb banimi. At\u00ebbot\u00eb thoshin se pas privatizimit, do t\u00eb b\u00ebhej edhe nj\u00eb kinema, por m\u00eb pastaj, \u00e7do rr\u00ebfim \u00ebsht\u00eb i k\u00ebputur. Nuk dihet m\u00eb asgj\u00eb. Sidoqoft\u00eb, objekti \u00ebsht\u00eb dhe banor\u00ebt kan\u00eb nevoj\u00eb p\u00ebr nj\u00eb lagje normale p\u00ebrreth. U duhet nj\u00eb jet\u00eb e sh\u00ebndetshme urbane. Veturat e b\u00ebjn\u00eb kaos aty. \u00cbsht\u00eb rrug\u00eb dykahshe dhe mbetet rruga m\u00eb bllokuese gati edhe e qendr\u00ebs s\u00eb qytetit, sepse vijn\u00eb makinat edhe nga posht\u00eb Stacionit t\u00eb Policis\u00eb, por edhe nga pjesa e ep\u00ebrme e Soliterit t\u00eb famsh\u00ebm prej nga orientohemi q\u00eb nga fundi i viteve t\u00eb &#8217;70-ta t\u00eb shek. XX, bashk\u00eb me pik\u00ebn orientuese &#8220;Te p\u00ebrmendorja&#8221;. P\u00ebrskaj rrug\u00ebs jan\u00eb dy parkingje me para, nj\u00eb autolarje, shporta mbeturinash q\u00eb t\u00ebrheqin qent\u00eb endacak\u00eb, pak errr\u00ebsir\u00eb dhe dy parkingje: p\u00ebr pun\u00ebtor\u00ebt e Teatrit dhe nj\u00eb m\u00eb posht\u00eb, p\u00ebr DKRS-n\u00eb e institucionet e tjera komunale. Veturat parkohen n\u00eb m\u00ebnyr\u00eb kaotike brenda e jasht\u00eb parkingjeve. E b\u00ebjn\u00eb kaos duke hyr\u00eb e dal\u00eb nga to.  Ndjej keqardhje sidomos p\u00ebr banor\u00ebt aty, por edhe p\u00ebr \u00e7do kalimtar\/e rasti, ve\u00e7mas f\u00ebmij\u00ebt, n\u00ebnat shtatz\u00ebn\u00eb, t\u00eb moshuarit dhe personat me aft\u00ebsi t\u00eb kufizuara. \u00cbsht\u00eb n\u00eb qend\u00ebr t\u00eb Gjilanit dhe mbetet kaos real urbanistik.<br \/>\nKam ve\u00e7 nj\u00eb pyetje p\u00ebr Komun\u00ebn e Gjilanit:<br \/>\nA mund ta rregulloni kaosin urbanistik prapa Teatrit t\u00eb qytetit, qoft\u00eb edhe n\u00ebse n\u00eb t\u00eb ardhmem parashihet atypari ndonj\u00eb projekt m\u00eb gjigant i Komun\u00ebs s\u00eb Gjilanit?!<br \/>\nDeri at\u00ebher\u00eb, vet\u00ebm ecni nj\u00eb dit\u00eb andejpari, dhe pasi m\u00eb shajn\u00eb me komente n\u00eb faqe fejsbuku disa militant\u00eb partiak\u00eb nga Zvicra e gjetiu, do t\u00eb ndjeheni n\u00eb faj, sa shum\u00eb kam t\u00eb drejt\u00eb!<\/p>\n","protected":false},"excerpt":{"rendered":"<p>Shkruan: Avni Rudaku Aty ku ishte kinemaja e qytetit, u b\u00eb nj\u00eb objekt i lart\u00eb banimi. At\u00ebbot\u00eb thoshin se pas privatizimit, do t\u00eb b\u00ebhej edhe nj\u00eb kinema, por m\u00eb pastaj, \u00e7do rr\u00ebfim \u00ebsht\u00eb i k\u00ebputur. Nuk dihet m\u00eb asgj\u00eb. Sidoqoft\u00eb, objekti \u00ebsht\u00eb dhe banor\u00ebt kan\u00eb nevoj\u00eb p\u00ebr nj\u00eb lagje normale p\u00ebrreth. U duhet nj\u00eb jet\u00eb [&hellip;]<\/p>\n","protected":false},"author":1,"featured_media":139232,"comment_status":"closed","ping_status":"closed","sticky":false,"template":"","format":"standard","meta":{"footnotes":""},"categories":[6],"tags":[],"class_list":{"0":"post-139229","1":"post","2":"type-post","3":"status-publish","4":"format-standard","5":"has-post-thumbnail","7":"category-opinion"},"_links":{"self":[{"href":"https:\/\/radiostargjilan.com\/web\/wp-json\/wp\/v2\/posts\/139229","targetHints":{"allow":["GET"]}}],"collection":[{"href":"https:\/\/radiostargjilan.com\/web\/wp-json\/wp\/v2\/posts"}],"about":[{"href":"https:\/\/radiostargjilan.com\/web\/wp-json\/wp\/v2\/types\/post"}],"author":[{"embeddable":true,"href":"https:\/\/radiostargjilan.com\/web\/wp-json\/wp\/v2\/users\/1"}],"replies":[{"embeddable":true,"href":"https:\/\/radiostargjilan.com\/web\/wp-json\/wp\/v2\/comments?post=139229"}],"version-history":[{"count":0,"href":"https:\/\/radiostargjilan.com\/web\/wp-json\/wp\/v2\/posts\/139229\/revisions"}],"wp:featuredmedia":[{"embeddable":true,"href":"https:\/\/radiostargjilan.com\/web\/wp-json\/wp\/v2\/media\/139232"}],"wp:attachment":[{"href":"https:\/\/radiostargjilan.com\/web\/wp-json\/wp\/v2\/media?parent=139229"}],"wp:term":[{"taxonomy":"category","embeddable":true,"href":"https:\/\/radiostargjilan.com\/web\/wp-json\/wp\/v2\/categories?post=139229"},{"taxonomy":"post_tag","embeddable":true,"href":"https:\/\/radiostargjilan.com\/web\/wp-json\/wp\/v2\/tags?post=139229"}],"curies":[{"name":"wp","href":"https:\/\/api.w.org\/{rel}","templated":true}]}}