{"id":139518,"date":"2023-01-20T14:41:01","date_gmt":"2023-01-20T13:41:01","guid":{"rendered":"https:\/\/radiostargjilan.com\/web\/?p=139518"},"modified":"2023-01-20T14:41:01","modified_gmt":"2023-01-20T13:41:01","slug":"me-presion-nuk-arrihet-normalizimi","status":"publish","type":"post","link":"https:\/\/radiostargjilan.com\/web\/me-presion-nuk-arrihet-normalizimi\/","title":{"rendered":"Me presion nuk arrihet normalizimi"},"content":{"rendered":"<p>Me presion nuk arrihet normalizimi<br \/>\nShkruan: ISMAJL KURTESHI<\/p>\n<p>Me q\u00ebllim t\u00eb arritjes s\u00eb nj\u00eb marr\u00ebveshjeje p\u00ebrfundimtare, n\u00eb mes t\u00eb Republik\u00ebs s\u00eb Kosov\u00ebs dhe Serbis\u00eb, nd\u00ebrmjet\u00ebsuesit, me q\u00ebllim t\u00eb mbajtjes s\u00eb Serbis\u00eb larg Rusis\u00eb, b\u00ebn\u00eb presion mbi udh\u00ebheq\u00ebsit e Republik\u00ebs s\u00eb Kosov\u00ebs, q\u00eb t\u00eb b\u00ebjn\u00eb kompromise t\u00eb d\u00ebmshme p\u00ebr Kosov\u00ebn, q\u00eb nga fillimi i negociatave, n\u00eb vitin 2006 n\u00eb Vjen\u00eb e m\u00eb von\u00eb edhe n\u00eb Bruksel, por ato kompromise nuk e ndihmuan as  normalizimin e marr\u00ebdh\u00ebnieve n\u00eb mes t\u00eb Kosov\u00ebs dhe Serbis\u00eb dhe as largimin e Serbis\u00eb nga Rusia.<\/p>\n<p>K\u00ebrkesa p\u00ebr Asociacion nj\u00eb etnik, n\u00eb shtetin multietnik t\u00eb Kosov\u00ebs dhe shum\u00eb k\u00ebrkesa t\u00eb tjera t\u00eb Serbis\u00eb q\u00eb kan\u00eb p\u00ebr q\u00ebllim defunkcionalizimin e shtetit t\u00eb Kosov\u00ebs, e q\u00eb u p\u00ebrkrahen nga nd\u00ebrmjet\u00ebsuesit, nuk kontribuojn\u00eb p\u00ebr normalizimin e marr\u00ebdh\u00ebnieve n\u00eb mes t\u00eb dy vendeve.<\/p>\n<p>As toleranca n\u00eb lidhje me pengimin e l\u00ebvizjes s\u00eb lir\u00eb, me an\u00eb t\u00eb barrikadave t\u00eb organizuara nga Beogradi zyrtar. As k\u00ebrkesa q\u00eb t\u00eb lejohet p\u00ebrdorimi i tabelave t\u00eb  prodhuara n\u00eb Serbi p\u00ebr automjetet e qytetar\u00ebve t\u00eb Republik\u00ebs s\u00eb Kosov\u00ebs. Si dhe k\u00ebrkesa p\u00ebr organizimin e referendumit dhe zgjedhjeve t\u00eb Serbis\u00eb n\u00eb Kosov\u00eb dhe shum\u00eb k\u00ebrkesave t\u00eb tjera t\u00eb Serbis\u00eb, p\u00ebr t\u00eb cilat u angazhuan edhe nd\u00ebrmjet\u00ebsuesit, e q\u00eb ndonj\u00ebra u pranua nga ana e Kosov\u00ebs nuk quan drejt normalizimit.<\/p>\n<p>Prandaj, p\u00ebr t\u2019i normalizuar marr\u00ebdh\u00ebniet n\u00eb mes t\u00eb dy shteteve t\u00eb pavarura, Serbia duhet ta kuptoj\u00eb se nuk mund t\u00eb ket\u00eb normalizim n\u00eb mes t\u00eb dy shteteve pa trajtim t\u00eb barabart\u00eb t\u00eb nj\u00ebra-tjetr\u00ebs.<\/p>\n<p>Prandaj, Serbia duhet ta pranojn\u00eb realitetin e krijuar tani e 23 vite  dhe t\u00eb nj\u00ebjt\u00ebn gj\u00eb ta k\u00ebrkoj\u00eb nga qytetar\u00ebt serb\u00eb t\u00eb Kosov\u00ebs, q\u00eb po i mashtron q\u00eb nga pas lufta.<\/p>\n<p>Pra, Serbia duhet ta largoi nga Kushtetuta e saj nenin q\u00eb Kosov\u00ebn e paraqet si pjes\u00eb t\u00eb Serbis\u00eb.<\/p>\n<p>Serbia duhet t\u00eb heq\u00eb dor\u00eb nga manipulimi i strukturave paralele  t\u00eb kamufluara n\u00eb institucionet e Kosov\u00ebs, p\u00ebr realizimin e q\u00ebllimeve t\u00eb saja politike.<\/p>\n<p>Serbia duhet t\u00eb ofroj\u00eb t\u00eb drejta p\u00ebr komunitetin  shqiptar n\u00eb Lugin\u00ebn e Preshev\u00ebs, aq  sa k\u00ebrkon p\u00ebr komunitetin serb n\u00eb Kosov\u00eb. <\/p>\n<p>Nd\u00ebrmjet\u00ebsuesit nd\u00ebrkomb\u00ebtar\u00eb posedojn\u00eb argumente t\u00eb mjaftueshme se Serbia e udh\u00ebhequr nga Vuqiqi nuk angazhohet p\u00ebr marr\u00ebveshje q\u00eb i normalizon marr\u00ebdh\u00ebniet me Kosov\u00ebn, p\u00ebr arsye se normalizimi nuk i shkon p\u00ebrshtati patronit t\u00eb tij n\u00eb Mosk\u00eb, sepse Vuqiqi q\u00eb kur ka hyr\u00eb n\u00eb politik, ka qen\u00eb i udh\u00ebhequr nga filozofia politike e hegjemonizmit serbomadh, q\u00eb historikisht ka qen\u00eb burim destabiliteti n\u00eb Ballkan.<\/p>\n<p>Vuqiqi bashk\u00eb me p\u00ebrkrah\u00ebsit e politik\u00ebs s\u00eb tij, p\u00ebr arritjen e q\u00ebllimeve hegjemoniste serbomadhe, p\u00ebr m\u00eb shum\u00eb se dy dekada e ka mashtruar  opinionin n\u00eb Serbi p\u00ebr gjoja  kthimin e ushtris\u00eb dhe milicis\u00eb serbe n\u00eb Kosov\u00eb.<\/p>\n<p>Prandaj, nd\u00ebrmjet\u00ebsuesit q\u00eb jan\u00eb t\u00eb vet\u00ebdijsh\u00ebm se normalizimi afatgjat\u00eb i marr\u00ebdh\u00ebnieve n\u00eb mes t\u00eb shtetit t\u00eb Kosov\u00ebs dhe Serbis\u00eb arrihet vet\u00ebm me njohje t\u00eb nd\u00ebrsjell\u00eb, duhet t\u2019i ndihmojn\u00eb Vuqiqit dhe qytetar\u00ebve  t\u00eb mashtruar t\u00eb Serbis\u00eb ta nd\u00ebrmarrin hapin q\u00eb e liron Serbin\u00eb nga kjo barr\u00eb q\u00eb po e pengon at\u00eb n\u00eb realizimin e integrimit evropian q\u00eb \u00ebsht\u00eb interes i saj. Ta njeh pavar\u00ebsin\u00eb e Kosov\u00ebs.<\/p>\n<p>Sepse Kosova \u00ebsht\u00eb e pavarur, e njohu ose jo Serbia.<\/p>\n","protected":false},"excerpt":{"rendered":"<p>Me presion nuk arrihet normalizimi Shkruan: ISMAJL KURTESHI Me q\u00ebllim t\u00eb arritjes s\u00eb nj\u00eb marr\u00ebveshjeje p\u00ebrfundimtare, n\u00eb mes t\u00eb Republik\u00ebs s\u00eb Kosov\u00ebs dhe Serbis\u00eb, nd\u00ebrmjet\u00ebsuesit, me q\u00ebllim t\u00eb mbajtjes s\u00eb Serbis\u00eb larg Rusis\u00eb, b\u00ebn\u00eb presion mbi udh\u00ebheq\u00ebsit e Republik\u00ebs s\u00eb Kosov\u00ebs, q\u00eb t\u00eb b\u00ebjn\u00eb kompromise t\u00eb d\u00ebmshme p\u00ebr Kosov\u00ebn, q\u00eb nga fillimi i negociatave, n\u00eb [&hellip;]<\/p>\n","protected":false},"author":1,"featured_media":139519,"comment_status":"closed","ping_status":"closed","sticky":false,"template":"","format":"standard","meta":{"footnotes":""},"categories":[6],"tags":[],"class_list":{"0":"post-139518","1":"post","2":"type-post","3":"status-publish","4":"format-standard","5":"has-post-thumbnail","7":"category-opinion"},"_links":{"self":[{"href":"https:\/\/radiostargjilan.com\/web\/wp-json\/wp\/v2\/posts\/139518","targetHints":{"allow":["GET"]}}],"collection":[{"href":"https:\/\/radiostargjilan.com\/web\/wp-json\/wp\/v2\/posts"}],"about":[{"href":"https:\/\/radiostargjilan.com\/web\/wp-json\/wp\/v2\/types\/post"}],"author":[{"embeddable":true,"href":"https:\/\/radiostargjilan.com\/web\/wp-json\/wp\/v2\/users\/1"}],"replies":[{"embeddable":true,"href":"https:\/\/radiostargjilan.com\/web\/wp-json\/wp\/v2\/comments?post=139518"}],"version-history":[{"count":0,"href":"https:\/\/radiostargjilan.com\/web\/wp-json\/wp\/v2\/posts\/139518\/revisions"}],"wp:featuredmedia":[{"embeddable":true,"href":"https:\/\/radiostargjilan.com\/web\/wp-json\/wp\/v2\/media\/139519"}],"wp:attachment":[{"href":"https:\/\/radiostargjilan.com\/web\/wp-json\/wp\/v2\/media?parent=139518"}],"wp:term":[{"taxonomy":"category","embeddable":true,"href":"https:\/\/radiostargjilan.com\/web\/wp-json\/wp\/v2\/categories?post=139518"},{"taxonomy":"post_tag","embeddable":true,"href":"https:\/\/radiostargjilan.com\/web\/wp-json\/wp\/v2\/tags?post=139518"}],"curies":[{"name":"wp","href":"https:\/\/api.w.org\/{rel}","templated":true}]}}