{"id":139819,"date":"2023-01-24T12:47:34","date_gmt":"2023-01-24T11:47:34","guid":{"rendered":"https:\/\/radiostargjilan.com\/web\/?p=139819"},"modified":"2023-01-24T12:47:34","modified_gmt":"2023-01-24T11:47:34","slug":"anulohet-miqesorja-shkupi-gjilani","status":"publish","type":"post","link":"https:\/\/radiostargjilan.com\/web\/anulohet-miqesorja-shkupi-gjilani\/","title":{"rendered":"Anulohet miq\u00ebsorja Shkupi \u2013 Gjilani"},"content":{"rendered":"<p>Skudra e SC Gjilanit, ka njoftuar se ndeshja miq\u00ebsore e parapar\u00eb t\u00eb luhet me dat\u00ebn 24 janar, ndaj skuadr\u00ebs s\u00eb FC Shkupit \u00ebsht\u00eb anuluar.<\/p>\n<p>P\u00ebrmes nj\u00eb komunikate skuadra gjilanase ka th\u00ebn\u00eb se arsyeja e anulimit t\u00eb miq\u00ebsores \u00ebsht\u00eb kushtet jo t\u00eb p\u00ebrshtatshme atmosferike, t\u00eb cilat kan\u00eb pamund\u00ebsuar zhvillimin e k\u00ebsaj ndeshje.<\/p>\n<p>Komunikata e plot\u00eb:<\/p>\n<p>\ud835\udc00\ud835\udc27\ud835\udc2e\ud835\udc25\ud835\udc28\ud835\udc21\ud835\udc1e\ud835\udc2d \ud835\udc26\ud835\udc22\ud835\udc2a\u00eb\ud835\udc2c\ud835\udc28\ud835\udc2b\ud835\udc23\ud835\udc1a \ud835\udc26\ud835\udc1e \ud835\udc05\ud835\udc02 \ud835\udc12\ud835\udc21\ud835\udc24\ud835\udc2e\ud835\udc29\ud835\udc22\ud835\udc27 \u274c<\/p>\n<p>Sport Club Gjilani konfirmon q\u00eb dueli miq\u00ebsor i parapar\u00eb t\u00eb zhvillohej m\u00eb dat\u00eb 24 Janar ndaj FC Shkupit \u00ebsht\u00eb anuluar p\u00ebr shkak t\u00eb kushteve jo t\u00eb p\u00ebrshtatshme atmosferike.<\/p>\n<p>Ekipi vijon q\u00ebndrimin n\u00eb Oh\u00ebr dhe do vazhdoj\u00eb faz\u00ebn sipas planit t\u00eb stafit teknik n\u00eb p\u00ebrgatitje p\u00ebr stinorin pranveror t\u00eb kampionatit.<\/p>\n<p>P\u00ebr detajet e tjera rreth ndeshjeve kontrolluese dhe t\u00eb rejave nga ekipi do informoheni me koh\u00eb p\u00ebrmes faqeve zyrtare t\u00eb klubit.<\/p>\n<p>Zyra p\u00ebr shtyp<br \/>\n23 Janar, 2023<\/p>\n","protected":false},"excerpt":{"rendered":"<p>Skudra e SC Gjilanit, ka njoftuar se ndeshja miq\u00ebsore e parapar\u00eb t\u00eb luhet me dat\u00ebn 24 janar, ndaj skuadr\u00ebs s\u00eb FC Shkupit \u00ebsht\u00eb anuluar. P\u00ebrmes nj\u00eb komunikate skuadra gjilanase ka th\u00ebn\u00eb se arsyeja e anulimit t\u00eb miq\u00ebsores \u00ebsht\u00eb kushtet jo t\u00eb p\u00ebrshtatshme atmosferike, t\u00eb cilat kan\u00eb pamund\u00ebsuar zhvillimin e k\u00ebsaj ndeshje. Komunikata e plot\u00eb: \ud835\udc00\ud835\udc27\ud835\udc2e\ud835\udc25\ud835\udc28\ud835\udc21\ud835\udc1e\ud835\udc2d [&hellip;]<\/p>\n","protected":false},"author":1,"featured_media":139828,"comment_status":"closed","ping_status":"closed","sticky":false,"template":"","format":"standard","meta":{"footnotes":""},"categories":[7],"tags":[],"class_list":{"0":"post-139819","1":"post","2":"type-post","3":"status-publish","4":"format-standard","5":"has-post-thumbnail","7":"category-sports"},"_links":{"self":[{"href":"https:\/\/radiostargjilan.com\/web\/wp-json\/wp\/v2\/posts\/139819","targetHints":{"allow":["GET"]}}],"collection":[{"href":"https:\/\/radiostargjilan.com\/web\/wp-json\/wp\/v2\/posts"}],"about":[{"href":"https:\/\/radiostargjilan.com\/web\/wp-json\/wp\/v2\/types\/post"}],"author":[{"embeddable":true,"href":"https:\/\/radiostargjilan.com\/web\/wp-json\/wp\/v2\/users\/1"}],"replies":[{"embeddable":true,"href":"https:\/\/radiostargjilan.com\/web\/wp-json\/wp\/v2\/comments?post=139819"}],"version-history":[{"count":0,"href":"https:\/\/radiostargjilan.com\/web\/wp-json\/wp\/v2\/posts\/139819\/revisions"}],"wp:featuredmedia":[{"embeddable":true,"href":"https:\/\/radiostargjilan.com\/web\/wp-json\/wp\/v2\/media\/139828"}],"wp:attachment":[{"href":"https:\/\/radiostargjilan.com\/web\/wp-json\/wp\/v2\/media?parent=139819"}],"wp:term":[{"taxonomy":"category","embeddable":true,"href":"https:\/\/radiostargjilan.com\/web\/wp-json\/wp\/v2\/categories?post=139819"},{"taxonomy":"post_tag","embeddable":true,"href":"https:\/\/radiostargjilan.com\/web\/wp-json\/wp\/v2\/tags?post=139819"}],"curies":[{"name":"wp","href":"https:\/\/api.w.org\/{rel}","templated":true}]}}