{"id":139898,"date":"2023-01-24T23:59:29","date_gmt":"2023-01-24T22:59:29","guid":{"rendered":"https:\/\/radiostargjilan.com\/web\/?p=139898"},"modified":"2023-01-24T23:59:29","modified_gmt":"2023-01-24T22:59:29","slug":"statuti-i-kontestuar-i-odes-se-farmacisteve-neser-kuvend-i-jashtezakonshem","status":"publish","type":"post","link":"https:\/\/radiostargjilan.com\/web\/statuti-i-kontestuar-i-odes-se-farmacisteve-neser-kuvend-i-jashtezakonshem\/","title":{"rendered":"Statuti i kontestuar i Od\u00ebs s\u00eb Farmacist\u00ebve, nes\u00ebr kuvend i jasht\u00ebzakonsh\u00ebm"},"content":{"rendered":"<p>Aktivitetet dhe kompetencat e odave jan\u00eb t\u00eb p\u00ebrcaktuar me ligjin e odave t\u00eb profesionist\u00ebve sh\u00ebndet\u00ebsor\u00eb t\u00eb Kosov\u00ebs.<\/p>\n<p>Organi m\u00eb i lart\u00eb i odave \u00ebsht\u00eb kuvendi.<\/p>\n<p>Sipas nenit 19 t\u00eb k\u00ebtij ligji, p\u00ebrcaktohen kompetencat e kuvendit, i cili miraton, ndryshon dhe plot\u00ebson statutin dhe aktet e tjera normative.<\/p>\n<p>P\u00ebrmes nenit t\u00eb 47 t\u00eb k\u00ebtij ligji, p\u00ebrshkruhen aktet e p\u00ebrgjithshme t\u00eb odave.<\/p>\n<p>Nd\u00ebrsa, n\u00eb baz\u00eb t\u00eb k\u00ebtij ligji, statuti i tyre \u00ebsht\u00eb akti m\u00eb i lart\u00eb.<\/p>\n<p>T\u00eb gjitha odat, ajo e mjek\u00ebve, e stomatolog\u00ebve, fizioterapeut\u00ebve, e infermier\u00ebve e kan\u00eb t\u00eb rregulluar statutin n\u00eb baz\u00eb t\u00eb k\u00ebtij ligji.<\/p>\n<p>Por, statuti i od\u00ebs s\u00eb farmacist\u00ebve \u00ebsht\u00eb m\u00eb i kontestueshmi.<\/p>\n<p>Fillimisht n\u00eb vitin 2015 n\u00eb faqen e fundit t\u00eb statutit t\u00eb od\u00ebs s\u00eb farmacist\u00ebve n\u00eb hap\u00ebsir\u00ebn ku ka pasur ta n\u00ebnshkruaj\u00eb ministri i Sh\u00ebndet\u00ebsis\u00eb i asaj kohe, Imet Rahmani, \u00ebsht\u00eb n\u00ebnshkruar nga kryetari i od\u00ebs s\u00eb farmacist\u00ebve Zehadin Gashi, pra \u00ebsht\u00eb fshir\u00eb emri i ministrit dhe \u00ebsht\u00eb vendosur emri i Gashit.<\/p>\n<p>Kanal 10 ka k\u00ebrkuar nj\u00eb p\u00ebrgjigje nga Oda e Farmacist\u00ebve si dhe intervist\u00eb me kryetarin e tanish\u00ebm, Arianit Jakupi, mir\u00ebpo edhe pas disa jav\u00ebsh nuk kemi marr asnj\u00eb p\u00ebrgjigje lidhur me k\u00ebt\u00eb.<\/p>\n<p>As sekretari i p\u00ebrgjithsh\u00ebm n\u00eb Ministrin\u00eb e Sh\u00ebndet\u00ebsis\u00eb, Naim Bardiqi nuk ka pranuar t\u00eb prononcohet lidhur me k\u00ebt\u00eb tem\u00eb, vet\u00ebm MSH-ja p\u00ebrmes emailit ka d\u00ebrguar statutin e k\u00ebsaj ode dhe vendimin, i cili nuk ka baz\u00eb ligjore.<\/p>\n<p>Vendimi p\u00ebr miratimin e k\u00ebtij statuti t\u00eb od\u00ebs s\u00eb Farmacist\u00ebve, prej nj\u00eb faqe, bazohet n\u00eb nenin 47.1 dhe 59.2 mbi ligjin p\u00ebr themelimin e odave t\u00eb profesionist\u00ebve sh\u00ebndet\u00ebsor, nene t\u00eb cilat t\u00eb d\u00ebrgojn\u00eb krejt diku tjet\u00ebr dhe jo tek vendimi p\u00ebr statut).<\/p>\n<p>N\u00eb protokollin e k\u00ebtij vendimi nuk ekzistojn\u00eb as faqet e tjera t\u00eb statutit t\u00eb k\u00ebsaj ode, si\u00e7 jan\u00eb t\u00eb 4 odave t\u00eb tjera, t\u00eb cilat jan\u00eb t\u00eb n\u00ebnshkruara nga ministri i Sh\u00ebndet\u00ebsis\u00eb, q\u00eb n\u00eb at\u00eb koh\u00eb ishte Imet Rrahmani.<\/p>\n<p>Kanal 10 ka pyetur Rrahmanin sa \u00ebsht\u00eb n\u00eb dijeni t\u00eb k\u00ebsaj, ai ka th\u00ebn\u00eb vet\u00ebm se nuk ka informacion se ka kaluar nj\u00eb koh\u00eb.<\/p>\n<p>\u201cStatutet jan\u00eb produkte t\u00eb vet odave p\u00ebrmes strukturave t\u00eb tyre. Ne si Ministri p\u00ebrmes nj\u00eb vendimi kemi dh\u00ebn\u00eb p\u00eblqimin p\u00ebr me procedu tutje n\u00eb bartjen e kompetencave. Nuk e besoj q\u00eb ndryshon di\u00e7ka, n\u00eb r\u00ebnd\u00ebsin\u00eb q\u00eb kan\u00eb Odat n\u00eb zhvillimin e sektorit. \u00c8 r\u00ebnd\u00ebsishme q\u00eb kjo pun\u00eb e filluar diku ne vitin 2013-14, ka vazhduar dhe \u00ebsht\u00eb mbyllur ne kohen ton\u00eb\u201d.<\/p>\n<p>Kanal 10 posedon edhe nj\u00eb dokument t\u00eb l\u00ebshuar nga zyra ligjore e MSh-s\u00eb s\u00eb dat\u00ebs 24 maj t\u00eb vitit t\u00eb kaluar.<\/p>\n<p>N\u00eb k\u00ebt\u00eb dokument thuhet se rregullorja p\u00ebr organizimin e zgjedhjeve n\u00eb od\u00ebn e Farmacist\u00ebve ka shkelje ligjore.<\/p>\n<p>Neni 24, paragrafi 1, n\u00ebnparagrafi 1.1 dhe 1.2 i Rregullores p\u00ebr organizimin e zgjedhjeve, procedur\u00ebn e kandidimit, m\u00ebnyr\u00ebn e zgjedhjes dhe revokimin e an\u00ebtar\u00ebve t\u00eb organeve t\u00eb od\u00ebs s\u00eb farmacist\u00ebve e nxjerr m\u00eb 23. 04 2022, nuk ka p\u00ebrcaktuar n\u00eb m\u00ebnyr\u00eb t\u00eb barabart\u00eb ndarjen e vendeve n\u00eb nj\u00ebsit\u00eb zgjedhore p\u00ebr farmacist\u00ebt e sektorit privat n\u00eb raport me ata t\u00eb sektorit publik.<\/p>\n<p>Tek Ligji p\u00ebr odat e profesionist\u00ebve sh\u00ebndet\u00ebsor neni 45, MBIK\u00cbQYRJA E PUN\u00cbS S\u00cb OD\u00cbS citon q\u00eb mbik\u00ebqyrjen ndaj ligjshm\u00ebris\u00eb s\u00eb pun\u00ebs s\u00eb od\u00ebs n\u00eb ushtrimin e funksioneve e b\u00ebn Ministria p\u00ebr Sh\u00ebndet\u00ebsi.<\/p>\n<p>Nj\u00eb ndryshim tjet\u00ebr n\u00eb statutin e od\u00ebs s\u00eb farmacist\u00ebve \u00ebsht\u00eb edhe neni 24, ku thuhet se kryetari i od\u00ebs dhe z\u00ebvend\u00ebskryetar\u00ebt nuk mund t\u00eb jen\u00eb persona t\u00eb zgjedhur dhe t\u00eb em\u00ebruar n\u00eb funksione tjera publike dhe politike, p\u00ebrve\u00e7 profesionale sh\u00ebndet\u00ebsore dhe n\u00eb m\u00ebsimdh\u00ebnie.<\/p>\n<p>Kurse ne Ligjin p\u00ebr Odat e profesionist\u00ebve sh\u00ebndet\u00ebsor ku derivojn statutet, neni 17 thot\u00eb: se kryetari i od\u00ebs, z\u00ebvend\u00ebskryetar\u00ebt, an\u00ebtar\u00ebt e k\u00ebshillit drejtues dhe sekretari nuk mund t\u00eb jen\u00eb persona t\u00eb zgjedhur dhe t\u00eb em\u00ebruar n\u00eb funksione tjera publike dhe politike, p\u00ebrve\u00e7 profesionale sh\u00ebndet\u00ebsore dhe n\u00eb m\u00ebsimdh\u00ebnie.<\/p>\n<p>Pra nga statuti i Odes nuk figurojn\u00eb an\u00ebtar\u00ebt e k\u00ebshillit drejtues dhe sekretari.<\/p>\n<p>Ndryshe k\u00ebt\u00eb t\u00eb m\u00ebrkur\u00eb, an\u00ebtar\u00ebt e kuvendit t\u00eb od\u00ebs s\u00eb farmacist\u00ebve kan\u00eb thirrur seanc\u00eb t\u00eb jasht\u00ebzakonshme, ku pika e par\u00eb e rendit t\u00eb dit\u00ebs ka t\u00eb b\u00ebj\u00eb me Mocionin e mosbesimit sipas nenit 20 pika 6 e statutit t\u00eb OFK-s\u00eb, p\u00ebr shkeljet statutore duke ju referuar neneve 19, pika 3, 19 pika 4 etj.<\/p>\n<p>N\u00eb k\u00ebt\u00eb k\u00ebrkes\u00eb thuhet se kjo po b\u00ebhet bazuar n\u00eb opinionin e zyr\u00ebs ligjore t\u00eb MSh-s\u00eb d\u00ebrguar vitin e kaluar.\/Gazeta10\/<\/p>\n","protected":false},"excerpt":{"rendered":"<p>Aktivitetet dhe kompetencat e odave jan\u00eb t\u00eb p\u00ebrcaktuar me ligjin e odave t\u00eb profesionist\u00ebve sh\u00ebndet\u00ebsor\u00eb t\u00eb Kosov\u00ebs. Organi m\u00eb i lart\u00eb i odave \u00ebsht\u00eb kuvendi. Sipas nenit 19 t\u00eb k\u00ebtij ligji, p\u00ebrcaktohen kompetencat e kuvendit, i cili miraton, ndryshon dhe plot\u00ebson statutin dhe aktet e tjera normative. P\u00ebrmes nenit t\u00eb 47 t\u00eb k\u00ebtij ligji, p\u00ebrshkruhen [&hellip;]<\/p>\n","protected":false},"author":1,"featured_media":139901,"comment_status":"closed","ping_status":"closed","sticky":false,"template":"","format":"standard","meta":{"footnotes":""},"categories":[3],"tags":[],"class_list":{"0":"post-139898","1":"post","2":"type-post","3":"status-publish","4":"format-standard","5":"has-post-thumbnail","7":"category-shendetesi"},"_links":{"self":[{"href":"https:\/\/radiostargjilan.com\/web\/wp-json\/wp\/v2\/posts\/139898","targetHints":{"allow":["GET"]}}],"collection":[{"href":"https:\/\/radiostargjilan.com\/web\/wp-json\/wp\/v2\/posts"}],"about":[{"href":"https:\/\/radiostargjilan.com\/web\/wp-json\/wp\/v2\/types\/post"}],"author":[{"embeddable":true,"href":"https:\/\/radiostargjilan.com\/web\/wp-json\/wp\/v2\/users\/1"}],"replies":[{"embeddable":true,"href":"https:\/\/radiostargjilan.com\/web\/wp-json\/wp\/v2\/comments?post=139898"}],"version-history":[{"count":0,"href":"https:\/\/radiostargjilan.com\/web\/wp-json\/wp\/v2\/posts\/139898\/revisions"}],"wp:featuredmedia":[{"embeddable":true,"href":"https:\/\/radiostargjilan.com\/web\/wp-json\/wp\/v2\/media\/139901"}],"wp:attachment":[{"href":"https:\/\/radiostargjilan.com\/web\/wp-json\/wp\/v2\/media?parent=139898"}],"wp:term":[{"taxonomy":"category","embeddable":true,"href":"https:\/\/radiostargjilan.com\/web\/wp-json\/wp\/v2\/categories?post=139898"},{"taxonomy":"post_tag","embeddable":true,"href":"https:\/\/radiostargjilan.com\/web\/wp-json\/wp\/v2\/tags?post=139898"}],"curies":[{"name":"wp","href":"https:\/\/api.w.org\/{rel}","templated":true}]}}