{"id":139993,"date":"2023-01-25T17:01:38","date_gmt":"2023-01-25T16:01:38","guid":{"rendered":"https:\/\/radiostargjilan.com\/web\/?p=139993"},"modified":"2023-01-25T17:01:38","modified_gmt":"2023-01-25T16:01:38","slug":"ffk-ja-nuk-ju-dergoi-ftese-per-pjesemarrje-ne-kuvend-dy-delegatet-malazog-hoxha-dhe-mirsad-sylejmani-thone-se-do-te-jene-prezent","status":"publish","type":"post","link":"https:\/\/radiostargjilan.com\/web\/ffk-ja-nuk-ju-dergoi-ftese-per-pjesemarrje-ne-kuvend-dy-delegatet-malazog-hoxha-dhe-mirsad-sylejmani-thone-se-do-te-jene-prezent\/","title":{"rendered":"FFK-ja nuk ju d\u00ebrgoi ftes\u00eb p\u00ebr pjes\u00ebmarrje n\u00eb Kuvend, dy delegat\u00ebt Malazog Hoxha dhe Mirsad Sylejmani thon\u00eb se do t\u00eb jen\u00eb prezent"},"content":{"rendered":"<p>KOMUNIKAT\u00cb<\/p>\n<p>Lidhja Rajonale e Futbollit e Gjilanit &#8211; LRFGJ me dat\u00eb 18.01.2023 ka k\u00ebrkuar nga Federata e Futbollit e Kosov\u00ebs &#8211; FFK se me dat\u00eb 17.01.2023 dy delegat\u00eb nga LRFGJ nuk i kan\u00eb pranuar ftesat dhe materialet p\u00ebr kuvendin e dat\u00ebs 27.01.2023.<br \/>\nPas mbledhjes s\u00eb bordit t\u00eb LRFGJ-s\u00eb, \u00ebsht\u00eb k\u00ebrkuar q\u00eb t\u00eb sillen materialet dhe ftesat p\u00ebr dy delegat\u00ebt Malazog Hoxha dhe Mirsad Sylejmani t\u00eb cil\u00ebt edhe jan\u00eb delegat legjitim.<\/p>\n<p>Deri sot, as LRFGJ dhe as delegat\u00ebt n\u00eb fjal\u00eb, nuk kan\u00eb pranuar ndonje email nga FFK dhe nuk i jan\u00eb sjell as ftesat dhe as materialet e kuvendit.<\/p>\n<p>LRFGJ p\u00ebrmes k\u00ebsaj komunikate, njofton FFK-n\u00eb dhe gjith\u00eb opinionin se delegat\u00ebt z.Malazog Hoxha &#8211; Delegat dhe Kryetar i LRFGJ-s\u00eb dhe Mirsad Sylejmani &#8211; Delegat i FC VITIA, si p\u00ebrfaq\u00ebsues i vet\u00ebm nga liga e dyt\u00eb, do t\u00eb jen\u00eb prezent si delegat legjitim n\u00eb kuvendin e thirrur nga FFK-ja.<\/p>\n<p>T\u00eb bashkangjitur gjeni edhe letr\u00ebn drejtuar t\u00eb gjith\u00eb antarve t\u00eb Komitetit Ekzekutiv &#8211; KE dhe koordinatorit t\u00eb lidhjeve rajonale z.Ismajl Ajeti.<\/p>\n<p>Gjilan, 25.01.2023<br \/>\nLidhja Rajonale e Futbollit e Gjilanit<\/p>\n<p><a href=\"https:\/\/radiostargjilan.com\/web\/wp-content\/uploads\/2023\/01\/EDFAD3D3-DA28-4C83-AFC0-42738E67AE15.jpeg\"><img loading=\"lazy\" loading=\"lazy\" decoding=\"async\" src=\"https:\/\/radiostargjilan.com\/web\/wp-content\/uploads\/2023\/01\/EDFAD3D3-DA28-4C83-AFC0-42738E67AE15.jpeg\" alt=\"\" width=\"1072\" height=\"1600\" class=\"alignnone size-full wp-image-139994\" srcset=\"https:\/\/radiostargjilan.com\/web\/wp-content\/uploads\/2023\/01\/EDFAD3D3-DA28-4C83-AFC0-42738E67AE15.jpeg 1072w, https:\/\/radiostargjilan.com\/web\/wp-content\/uploads\/2023\/01\/EDFAD3D3-DA28-4C83-AFC0-42738E67AE15-201x300.jpeg 201w, https:\/\/radiostargjilan.com\/web\/wp-content\/uploads\/2023\/01\/EDFAD3D3-DA28-4C83-AFC0-42738E67AE15-686x1024.jpeg 686w, https:\/\/radiostargjilan.com\/web\/wp-content\/uploads\/2023\/01\/EDFAD3D3-DA28-4C83-AFC0-42738E67AE15-768x1146.jpeg 768w, https:\/\/radiostargjilan.com\/web\/wp-content\/uploads\/2023\/01\/EDFAD3D3-DA28-4C83-AFC0-42738E67AE15-1029x1536.jpeg 1029w, https:\/\/radiostargjilan.com\/web\/wp-content\/uploads\/2023\/01\/EDFAD3D3-DA28-4C83-AFC0-42738E67AE15-860x1284.jpeg 860w\" sizes=\"auto, (max-width: 1072px) 100vw, 1072px\" \/><\/a><\/p>\n","protected":false},"excerpt":{"rendered":"<p>KOMUNIKAT\u00cb Lidhja Rajonale e Futbollit e Gjilanit &#8211; LRFGJ me dat\u00eb 18.01.2023 ka k\u00ebrkuar nga Federata e Futbollit e Kosov\u00ebs &#8211; FFK se me dat\u00eb 17.01.2023 dy delegat\u00eb nga LRFGJ nuk i kan\u00eb pranuar ftesat dhe materialet p\u00ebr kuvendin e dat\u00ebs 27.01.2023. Pas mbledhjes s\u00eb bordit t\u00eb LRFGJ-s\u00eb, \u00ebsht\u00eb k\u00ebrkuar q\u00eb t\u00eb sillen materialet dhe [&hellip;]<\/p>\n","protected":false},"author":1,"featured_media":139995,"comment_status":"closed","ping_status":"closed","sticky":false,"template":"","format":"standard","meta":{"footnotes":""},"categories":[7],"tags":[],"class_list":{"0":"post-139993","1":"post","2":"type-post","3":"status-publish","4":"format-standard","5":"has-post-thumbnail","7":"category-sports"},"_links":{"self":[{"href":"https:\/\/radiostargjilan.com\/web\/wp-json\/wp\/v2\/posts\/139993","targetHints":{"allow":["GET"]}}],"collection":[{"href":"https:\/\/radiostargjilan.com\/web\/wp-json\/wp\/v2\/posts"}],"about":[{"href":"https:\/\/radiostargjilan.com\/web\/wp-json\/wp\/v2\/types\/post"}],"author":[{"embeddable":true,"href":"https:\/\/radiostargjilan.com\/web\/wp-json\/wp\/v2\/users\/1"}],"replies":[{"embeddable":true,"href":"https:\/\/radiostargjilan.com\/web\/wp-json\/wp\/v2\/comments?post=139993"}],"version-history":[{"count":0,"href":"https:\/\/radiostargjilan.com\/web\/wp-json\/wp\/v2\/posts\/139993\/revisions"}],"wp:featuredmedia":[{"embeddable":true,"href":"https:\/\/radiostargjilan.com\/web\/wp-json\/wp\/v2\/media\/139995"}],"wp:attachment":[{"href":"https:\/\/radiostargjilan.com\/web\/wp-json\/wp\/v2\/media?parent=139993"}],"wp:term":[{"taxonomy":"category","embeddable":true,"href":"https:\/\/radiostargjilan.com\/web\/wp-json\/wp\/v2\/categories?post=139993"},{"taxonomy":"post_tag","embeddable":true,"href":"https:\/\/radiostargjilan.com\/web\/wp-json\/wp\/v2\/tags?post=139993"}],"curies":[{"name":"wp","href":"https:\/\/api.w.org\/{rel}","templated":true}]}}