{"id":140010,"date":"2023-01-25T20:26:28","date_gmt":"2023-01-25T19:26:28","guid":{"rendered":"https:\/\/radiostargjilan.com\/web\/?p=140010"},"modified":"2023-01-25T20:31:19","modified_gmt":"2023-01-25T19:31:19","slug":"lojtaret-e-fc-drites-nderrojn-stilin-e-flokeve-ata-inspirohen-nga-luiz-ejlli","status":"publish","type":"post","link":"https:\/\/radiostargjilan.com\/web\/lojtaret-e-fc-drites-nderrojn-stilin-e-flokeve-ata-inspirohen-nga-luiz-ejlli\/","title":{"rendered":"Lojtar\u00ebt e FC Drit\u00ebs, nd\u00ebrrojn stilin e flok\u00ebve ata inspirohen nga Luiz Ejlli"},"content":{"rendered":"<p>Skuadra e FC Drit\u00ebs, mbr\u00ebm\u00eb ka udh\u00ebtuar p\u00ebr n\u00eb Turqi, ku do t\u00eb kryej faz\u00ebn pregaditore para fillimit t\u00eb sezonit t\u00eb ri shkruan Radio Star.<\/p>\n<p>Skuadra gjilanase sot ka mbajtur dy seanc\u00ebn pregaditore para ndeshj\u00ebs miq\u00ebsore q\u00eb do ta zhvilloj nes\u00ebr me fillim nga ora 15:30, ku do t\u00eb takohet me Liptovsky Mikulas nga Superliga e Sllovakis\u00eb.<\/p>\n<p>FC Drita ka publikuar disa fotografi n\u00eb faq\u00ebn e saj zyrtare, por q\u00eb nj\u00eb detaj nuk i ka ikur tifoz\u00ebve t\u00eb saj \u201cIntelektual\u00ebve\u201d, dy lojtar\u00ebt e saj kan\u00eb ndryshuar stilin e flok\u00ebve.<\/p>\n<p>Almir Ajzeraj dhe Hamdi Namani, kan\u00eb nd\u00ebrruar stilin e flok\u00ebve, t\u00eb dy kan\u00eb ngjyrosur flok\u00ebt me ngjyr\u00eb t\u00eb bardh\u00eb, padyshim se t\u00eb dy lojtar\u00ebt e Drit\u00ebs jan\u00eb inspiruar nga personazhi m\u00eb i p\u00ebrfolur koh\u00ebve t\u00eb fundit Luiz Ejlli, i cili \u00ebsht\u00eb banor\u00eb dhe konkurent n\u00eb \u201cBig Brother Vip Albania\u201d.<br \/>\n<a href=\"https:\/\/radiostargjilan.com\/web\/wp-content\/uploads\/2023\/01\/F4A3BA18-07C1-434C-94DA-CD2DEE299589.jpeg\"><img loading=\"lazy\" loading=\"lazy\" decoding=\"async\" src=\"https:\/\/radiostargjilan.com\/web\/wp-content\/uploads\/2023\/01\/F4A3BA18-07C1-434C-94DA-CD2DEE299589.jpeg\" alt=\"\" width=\"2048\" height=\"1365\" class=\"alignnone size-full wp-image-140011\" srcset=\"https:\/\/radiostargjilan.com\/web\/wp-content\/uploads\/2023\/01\/F4A3BA18-07C1-434C-94DA-CD2DEE299589.jpeg 2048w, https:\/\/radiostargjilan.com\/web\/wp-content\/uploads\/2023\/01\/F4A3BA18-07C1-434C-94DA-CD2DEE299589-300x200.jpeg 300w, https:\/\/radiostargjilan.com\/web\/wp-content\/uploads\/2023\/01\/F4A3BA18-07C1-434C-94DA-CD2DEE299589-1024x683.jpeg 1024w, https:\/\/radiostargjilan.com\/web\/wp-content\/uploads\/2023\/01\/F4A3BA18-07C1-434C-94DA-CD2DEE299589-768x512.jpeg 768w, https:\/\/radiostargjilan.com\/web\/wp-content\/uploads\/2023\/01\/F4A3BA18-07C1-434C-94DA-CD2DEE299589-1536x1024.jpeg 1536w, https:\/\/radiostargjilan.com\/web\/wp-content\/uploads\/2023\/01\/F4A3BA18-07C1-434C-94DA-CD2DEE299589-330x220.jpeg 330w, https:\/\/radiostargjilan.com\/web\/wp-content\/uploads\/2023\/01\/F4A3BA18-07C1-434C-94DA-CD2DEE299589-420x280.jpeg 420w, https:\/\/radiostargjilan.com\/web\/wp-content\/uploads\/2023\/01\/F4A3BA18-07C1-434C-94DA-CD2DEE299589-615x410.jpeg 615w, https:\/\/radiostargjilan.com\/web\/wp-content\/uploads\/2023\/01\/F4A3BA18-07C1-434C-94DA-CD2DEE299589-860x573.jpeg 860w\" sizes=\"auto, (max-width: 2048px) 100vw, 2048px\" \/><\/a><\/p>\n<p><a href=\"https:\/\/radiostargjilan.com\/web\/wp-content\/uploads\/2023\/01\/BB2F5AC9-71F9-401F-95CD-04258B346409.jpeg\"><img loading=\"lazy\" loading=\"lazy\" decoding=\"async\" src=\"https:\/\/radiostargjilan.com\/web\/wp-content\/uploads\/2023\/01\/BB2F5AC9-71F9-401F-95CD-04258B346409.jpeg\" alt=\"\" width=\"2048\" height=\"1365\" class=\"alignnone size-full wp-image-140012\" srcset=\"https:\/\/radiostargjilan.com\/web\/wp-content\/uploads\/2023\/01\/BB2F5AC9-71F9-401F-95CD-04258B346409.jpeg 2048w, https:\/\/radiostargjilan.com\/web\/wp-content\/uploads\/2023\/01\/BB2F5AC9-71F9-401F-95CD-04258B346409-300x200.jpeg 300w, https:\/\/radiostargjilan.com\/web\/wp-content\/uploads\/2023\/01\/BB2F5AC9-71F9-401F-95CD-04258B346409-1024x683.jpeg 1024w, https:\/\/radiostargjilan.com\/web\/wp-content\/uploads\/2023\/01\/BB2F5AC9-71F9-401F-95CD-04258B346409-768x512.jpeg 768w, https:\/\/radiostargjilan.com\/web\/wp-content\/uploads\/2023\/01\/BB2F5AC9-71F9-401F-95CD-04258B346409-1536x1024.jpeg 1536w, https:\/\/radiostargjilan.com\/web\/wp-content\/uploads\/2023\/01\/BB2F5AC9-71F9-401F-95CD-04258B346409-330x220.jpeg 330w, https:\/\/radiostargjilan.com\/web\/wp-content\/uploads\/2023\/01\/BB2F5AC9-71F9-401F-95CD-04258B346409-420x280.jpeg 420w, https:\/\/radiostargjilan.com\/web\/wp-content\/uploads\/2023\/01\/BB2F5AC9-71F9-401F-95CD-04258B346409-615x410.jpeg 615w, https:\/\/radiostargjilan.com\/web\/wp-content\/uploads\/2023\/01\/BB2F5AC9-71F9-401F-95CD-04258B346409-860x573.jpeg 860w\" sizes=\"auto, (max-width: 2048px) 100vw, 2048px\" \/><\/a><br \/>\nN\u00eb faq\u00ebn e \u2018facebook\u2019, tifoz\u00ebt p\u00ebrmes komenteve t\u00eb tyre kan\u00eb ngacmuar dy lojtar\u00ebt Ajzeraj dhe Namanin, duke ju th\u00ebn\u00eb se jan\u00eb inspiruar nga Luiz Ejlli.\/radiostar\/<a href=\"https:\/\/radiostargjilan.com\/web\/wp-content\/uploads\/2023\/01\/ECCF3C15-72B1-4E9A-A612-8666D3F707FA.jpeg\"><img loading=\"lazy\" loading=\"lazy\" decoding=\"async\" src=\"https:\/\/radiostargjilan.com\/web\/wp-content\/uploads\/2023\/01\/ECCF3C15-72B1-4E9A-A612-8666D3F707FA.jpeg\" alt=\"\" width=\"1132\" height=\"847\" class=\"alignnone size-full wp-image-140013\" srcset=\"https:\/\/radiostargjilan.com\/web\/wp-content\/uploads\/2023\/01\/ECCF3C15-72B1-4E9A-A612-8666D3F707FA.jpeg 1132w, https:\/\/radiostargjilan.com\/web\/wp-content\/uploads\/2023\/01\/ECCF3C15-72B1-4E9A-A612-8666D3F707FA-300x224.jpeg 300w, https:\/\/radiostargjilan.com\/web\/wp-content\/uploads\/2023\/01\/ECCF3C15-72B1-4E9A-A612-8666D3F707FA-1024x766.jpeg 1024w, https:\/\/radiostargjilan.com\/web\/wp-content\/uploads\/2023\/01\/ECCF3C15-72B1-4E9A-A612-8666D3F707FA-768x575.jpeg 768w, https:\/\/radiostargjilan.com\/web\/wp-content\/uploads\/2023\/01\/ECCF3C15-72B1-4E9A-A612-8666D3F707FA-860x643.jpeg 860w\" sizes=\"auto, (max-width: 1132px) 100vw, 1132px\" \/><\/a><\/p>\n","protected":false},"excerpt":{"rendered":"<p>Skuadra e FC Drit\u00ebs, mbr\u00ebm\u00eb ka udh\u00ebtuar p\u00ebr n\u00eb Turqi, ku do t\u00eb kryej faz\u00ebn pregaditore para fillimit t\u00eb sezonit t\u00eb ri shkruan Radio Star. Skuadra gjilanase sot ka mbajtur dy seanc\u00ebn pregaditore para ndeshj\u00ebs miq\u00ebsore q\u00eb do ta zhvilloj nes\u00ebr me fillim nga ora 15:30, ku do t\u00eb takohet me Liptovsky Mikulas nga Superliga [&hellip;]<\/p>\n","protected":false},"author":1,"featured_media":140014,"comment_status":"closed","ping_status":"closed","sticky":false,"template":"","format":"standard","meta":{"footnotes":""},"categories":[7],"tags":[],"class_list":{"0":"post-140010","1":"post","2":"type-post","3":"status-publish","4":"format-standard","5":"has-post-thumbnail","7":"category-sports"},"_links":{"self":[{"href":"https:\/\/radiostargjilan.com\/web\/wp-json\/wp\/v2\/posts\/140010","targetHints":{"allow":["GET"]}}],"collection":[{"href":"https:\/\/radiostargjilan.com\/web\/wp-json\/wp\/v2\/posts"}],"about":[{"href":"https:\/\/radiostargjilan.com\/web\/wp-json\/wp\/v2\/types\/post"}],"author":[{"embeddable":true,"href":"https:\/\/radiostargjilan.com\/web\/wp-json\/wp\/v2\/users\/1"}],"replies":[{"embeddable":true,"href":"https:\/\/radiostargjilan.com\/web\/wp-json\/wp\/v2\/comments?post=140010"}],"version-history":[{"count":0,"href":"https:\/\/radiostargjilan.com\/web\/wp-json\/wp\/v2\/posts\/140010\/revisions"}],"wp:featuredmedia":[{"embeddable":true,"href":"https:\/\/radiostargjilan.com\/web\/wp-json\/wp\/v2\/media\/140014"}],"wp:attachment":[{"href":"https:\/\/radiostargjilan.com\/web\/wp-json\/wp\/v2\/media?parent=140010"}],"wp:term":[{"taxonomy":"category","embeddable":true,"href":"https:\/\/radiostargjilan.com\/web\/wp-json\/wp\/v2\/categories?post=140010"},{"taxonomy":"post_tag","embeddable":true,"href":"https:\/\/radiostargjilan.com\/web\/wp-json\/wp\/v2\/tags?post=140010"}],"curies":[{"name":"wp","href":"https:\/\/api.w.org\/{rel}","templated":true}]}}