{"id":140299,"date":"2023-01-28T16:54:49","date_gmt":"2023-01-28T15:54:49","guid":{"rendered":"https:\/\/radiostargjilan.com\/web\/?p=140299"},"modified":"2023-01-28T16:54:49","modified_gmt":"2023-01-28T15:54:49","slug":"kurti-per-asociacionin-duhet-argumente-nga-ata-qe-kerkojme-me-shume-drejta-per-serbet","status":"publish","type":"post","link":"https:\/\/radiostargjilan.com\/web\/kurti-per-asociacionin-duhet-argumente-nga-ata-qe-kerkojme-me-shume-drejta-per-serbet\/","title":{"rendered":"Kurti p\u00ebr Asociacionin: Duhet argumente nga ata q\u00eb k\u00ebrkojm\u00eb m\u00eb shum\u00eb drejta p\u00ebr serb\u00ebt"},"content":{"rendered":"<p>Kryeministri i Kosov\u00ebs, Albin Kurti n\u00eb nj\u00eb intervist\u00eb ekskluzive p\u00ebr RTK2 ka th\u00ebn\u00eb se beson se propozimi evropian \u00ebsht\u00eb baz\u00eb e mir\u00eb p\u00ebr marr\u00ebveshjen me Serbin\u00eb dhe se \u00ebsht\u00eb i gatsh\u00ebm t\u00eb bisedoj\u00eb p\u00ebr marr\u00ebveshjet e arritura n\u00eb Bruksel, por ka th\u00ebn\u00eb se nuk ka marr\u00eb ndonj\u00eb argument adekuat p\u00ebr themelimin e Asociacionit t\u00eb Komunave me shumic\u00eb serbe.<\/p>\n<p>I pari i ekzekutivit ka th\u00ebn\u00eb se \u201cnuk e sheh t\u00eb nevojsh\u00ebm krijimin e Asociacacionit, por se \u00ebsht\u00eb i gatsh\u00ebm p\u00ebr diskutime p\u00ebr t\u00eb drejtat e komuniteteve joshumic\u00eb\u201d.<\/p>\n<p>\u201cJam gati p\u00ebr bisedime p\u00ebr t\u00eb drejtat e pakicave, t\u00eb komuniteteve joshumic\u00eb, jam gati p\u00ebr k\u00ebt\u00eb. Por duhet ta kuptoni se \u00ebsht\u00eb shum\u00eb e r\u00ebnd\u00ebsishme q\u00eb ata q\u00eb duan m\u00eb shum\u00eb t\u00eb drejta sesa u jep plani i Ahtisaarit, e mbajn\u00eb barr\u00ebn e argumentimit \u2013 pse u duhen m\u00eb shum\u00eb. Ahtisaari mori \u00e7mimin Nobel p\u00ebr Paqe, \u00e7far\u00eb do ta plot\u00ebsonte planin e Ahtisaarit, cilat jan\u00eb argumentet p\u00ebr t\u00eb metat e tij. Barra e argumentit duhet t\u00eb jet\u00eb mbi ata q\u00eb k\u00ebrkojn\u00eb di\u00e7ka tjet\u00ebr apo di\u00e7ka m\u00eb shum\u00eb\u201d, tha Kurti.<\/p>\n<p>Tutje Kurti ka treguar se kur e ka par\u00eb propozimin e njohur m\u00eb par\u00eb si \u2018franko-gjerman\u2019 dhe ka th\u00ebn\u00eb q\u00eb nga at\u00ebher\u00eb kan\u00eb negociuar p\u00ebr arritjen e marr\u00ebveshjes.<\/p>\n<p>\u201cT\u00eb jem plot\u00ebsisht i qart\u00eb, sigurisht edhe i sinqert\u00eb, m\u00eb 9 shtator e kam lexuar at\u00eb propozim, por nga \u2018iPad\u2019-i i Laj\u00e7akut, nuk kam pasur dokument me shkrim. Ishin s\u00eb bashku me Jens Plotner dhe Emmanuel Bonn, t\u00eb d\u00ebrguarit nga Parisi dhe Berlini. Un\u00eb menj\u00ebher\u00eb e kam v\u00ebrejtur se m\u00eb n\u00eb fund kemi nj\u00eb propozim p\u00ebr marr\u00ebveshje\u201d, ka shtuar kryeministri Kurti.<\/p>\n<p>Duke folur p\u00ebr kthimin e serb\u00ebve n\u00eb institucione, ve\u00e7an\u00ebrisht n\u00eb polici, Kurti tha se nuk pajtohet me gjendjen e tanishme dhe se nuk d\u00ebshiron q\u00eb serb\u00ebt n\u00eb veri t\u00eb z\u00ebvend\u00ebsohen me shqiptar\u00eb.<\/p>\n<p>\u201cM\u00eb vjen shum\u00eb keq q\u00eb ata kan\u00eb dh\u00ebn\u00eb dor\u00ebheqje. Mendoj se dor\u00ebheqjet jan\u00eb t\u00eb gabuara. Un\u00eb n\u00eb parim nuk p\u00ebrjashtoj ask\u00ebnd p\u00ebr t\u2019u kthyer, por nuk jam kompetent\u00eb q\u00eb t\u00eb vendosi p\u00ebr kriteret n\u00eb vend t\u00eb komisionit profesional. E them qart\u00eb, nuk kam nd\u00ebrmend ta mbush at\u00eb vakum me shqiptar\u00eb. N\u00ebse serb\u00ebt kan\u00eb dh\u00ebn\u00eb dor\u00ebheqje, serb\u00ebt duhet t\u00eb jen\u00eb n\u00eb ato pozita dhe i ftoj t\u00eb gjith\u00eb q\u00eb t\u00eb aplikojn\u00eb\u201d, ka n\u00ebnvizuar Kurti.<\/p>\n<p>I pyetur p\u00ebr t\u00eb vler\u00ebsuar situat\u00ebn e siguris\u00eb n\u00eb Kosov\u00eb, shefi i Qeveris\u00eb tha se nuk ka hequr dor\u00eb nga premtimi i tij parazgjedhor se nj\u00eb nga prioritetet e tij \u00ebsht\u00eb dialogu i brendsh\u00ebm me serb\u00ebt, por se aktualisht nuk ekziston mir\u00ebbesimi i nevojsh\u00ebm. Ai ka paralajm\u00ebruar 123 projekte p\u00ebr nd\u00ebrmarrje t\u00eb vogla dhe biznese fillestare, prej t\u00eb cilave 48 jan\u00eb t\u00eb destinuara p\u00ebr komunitetin serb.<\/p>\n","protected":false},"excerpt":{"rendered":"<p>Kryeministri i Kosov\u00ebs, Albin Kurti n\u00eb nj\u00eb intervist\u00eb ekskluzive p\u00ebr RTK2 ka th\u00ebn\u00eb se beson se propozimi evropian \u00ebsht\u00eb baz\u00eb e mir\u00eb p\u00ebr marr\u00ebveshjen me Serbin\u00eb dhe se \u00ebsht\u00eb i gatsh\u00ebm t\u00eb bisedoj\u00eb p\u00ebr marr\u00ebveshjet e arritura n\u00eb Bruksel, por ka th\u00ebn\u00eb se nuk ka marr\u00eb ndonj\u00eb argument adekuat p\u00ebr themelimin e Asociacionit t\u00eb Komunave [&hellip;]<\/p>\n","protected":false},"author":1,"featured_media":138895,"comment_status":"closed","ping_status":"closed","sticky":false,"template":"","format":"standard","meta":{"footnotes":""},"categories":[5],"tags":[],"class_list":{"0":"post-140299","1":"post","2":"type-post","3":"status-publish","4":"format-standard","5":"has-post-thumbnail","7":"category-lajme"},"_links":{"self":[{"href":"https:\/\/radiostargjilan.com\/web\/wp-json\/wp\/v2\/posts\/140299","targetHints":{"allow":["GET"]}}],"collection":[{"href":"https:\/\/radiostargjilan.com\/web\/wp-json\/wp\/v2\/posts"}],"about":[{"href":"https:\/\/radiostargjilan.com\/web\/wp-json\/wp\/v2\/types\/post"}],"author":[{"embeddable":true,"href":"https:\/\/radiostargjilan.com\/web\/wp-json\/wp\/v2\/users\/1"}],"replies":[{"embeddable":true,"href":"https:\/\/radiostargjilan.com\/web\/wp-json\/wp\/v2\/comments?post=140299"}],"version-history":[{"count":0,"href":"https:\/\/radiostargjilan.com\/web\/wp-json\/wp\/v2\/posts\/140299\/revisions"}],"wp:featuredmedia":[{"embeddable":true,"href":"https:\/\/radiostargjilan.com\/web\/wp-json\/wp\/v2\/media\/138895"}],"wp:attachment":[{"href":"https:\/\/radiostargjilan.com\/web\/wp-json\/wp\/v2\/media?parent=140299"}],"wp:term":[{"taxonomy":"category","embeddable":true,"href":"https:\/\/radiostargjilan.com\/web\/wp-json\/wp\/v2\/categories?post=140299"},{"taxonomy":"post_tag","embeddable":true,"href":"https:\/\/radiostargjilan.com\/web\/wp-json\/wp\/v2\/tags?post=140299"}],"curies":[{"name":"wp","href":"https:\/\/api.w.org\/{rel}","templated":true}]}}