{"id":140453,"date":"2023-01-30T09:38:31","date_gmt":"2023-01-30T08:38:31","guid":{"rendered":"https:\/\/radiostargjilan.com\/web\/?p=140453"},"modified":"2023-01-30T09:38:31","modified_gmt":"2023-01-30T08:38:31","slug":"keshtu-do-te-dukej-asociacioni-sipas-collet-e-escobar","status":"publish","type":"post","link":"https:\/\/radiostargjilan.com\/web\/keshtu-do-te-dukej-asociacioni-sipas-collet-e-escobar\/","title":{"rendered":"K\u00ebshtu do t\u00eb dukej Asociacioni sipas Collet e Escobar"},"content":{"rendered":"<p>K\u00ebshilltari Special n\u00eb Departamentin e Shtetit Amerikan, Derek Chollet si dhe emisari amerikan p\u00ebr Ballkanin, Gabriel Escobar, kan\u00eb k\u00ebrkuar s\u00ebrish nga Kosova q\u00eb t\u00eb nisin me zbatimin e Asociacionit, si nj\u00eb nga zotimet e r\u00ebnd\u00ebsishme t\u00eb b\u00ebra n\u00eb dialogun e Brukselit.<\/p>\n<p>N\u00eb nj\u00eb shkrim autorial  ata tregojn\u00eb edhe nj\u00eb \u201cskic\u00eb\u201d se si do t\u00eb dukej Asociacioni.<\/p>\n<p>Ata thon\u00eb se Komunat me interesa, gjuh\u00eb dhe kultur\u00eb t\u00eb p\u00ebrbashk\u00ebt do t\u00eb punon n\u00eb form\u00eb m\u00eb efikase p\u00ebr t\u00eb adresuar sfidat e p\u00ebrbashk\u00ebta n\u00eb ofrimin e sh\u00ebrbimeve publike.<\/p>\n<p>Si shembull, ata p\u00ebrmendin faktin se komunat do t\u00eb mund t\u00eb hartonin nj\u00eb kurrikul\u00eb n\u00eb gjuh\u00ebn serbe p\u00ebr shkollat lokale.<\/p>\n<p>\u201cKomunat me interesa, gjuh\u00eb dhe kultur\u00eb t\u00eb p\u00ebrbashk\u00ebt do t\u00eb mund t\u00eb punonin n\u00eb m\u00ebnyr\u00eb m\u00eb efikase s\u00eb bashku p\u00ebr t\u00eb adresuar sfidat e p\u00ebrbashk\u00ebta n\u00eb ofrimin e sh\u00ebrbimeve publike, n\u00ebp\u00ebrmjet ekonomive t\u00eb shkall\u00ebs dhe shk\u00ebmbimit t\u00eb praktikave m\u00eb t\u00eb mira. P\u00ebr shembull, komunat do t\u00eb mund t\u00eb hartojn\u00eb kurrikul\u00eb n\u00eb gjuh\u00ebn serbe p\u00ebr shkollat lokale n\u00eb disa komuna e t\u00eb mos veprojn\u00eb n\u00eb vakum dhe duke b\u00ebr\u00eb pun\u00eb t\u00eb dyfisht\u00eb. Bashk\u00ebpunimi i till\u00eb \u00ebsht\u00eb n\u00eb p\u00ebrputhje me vendimin e Gjykat\u00ebs Kushtetuese t\u00eb vitit 2015 p\u00ebr zotimin p\u00ebr Asociacion dhe parimet e qeverisjes s\u00eb mir\u00eb t\u00eb ushtruara n\u00ebp\u00ebr vendet tjera n\u00eb Evrop\u00eb\u201d, thon\u00eb ata.<\/p>\n","protected":false},"excerpt":{"rendered":"<p>K\u00ebshilltari Special n\u00eb Departamentin e Shtetit Amerikan, Derek Chollet si dhe emisari amerikan p\u00ebr Ballkanin, Gabriel Escobar, kan\u00eb k\u00ebrkuar s\u00ebrish nga Kosova q\u00eb t\u00eb nisin me zbatimin e Asociacionit, si nj\u00eb nga zotimet e r\u00ebnd\u00ebsishme t\u00eb b\u00ebra n\u00eb dialogun e Brukselit. N\u00eb nj\u00eb shkrim autorial ata tregojn\u00eb edhe nj\u00eb \u201cskic\u00eb\u201d se si do t\u00eb dukej [&hellip;]<\/p>\n","protected":false},"author":1,"featured_media":140454,"comment_status":"closed","ping_status":"closed","sticky":false,"template":"","format":"standard","meta":{"footnotes":""},"categories":[5],"tags":[],"class_list":{"0":"post-140453","1":"post","2":"type-post","3":"status-publish","4":"format-standard","5":"has-post-thumbnail","7":"category-lajme"},"_links":{"self":[{"href":"https:\/\/radiostargjilan.com\/web\/wp-json\/wp\/v2\/posts\/140453","targetHints":{"allow":["GET"]}}],"collection":[{"href":"https:\/\/radiostargjilan.com\/web\/wp-json\/wp\/v2\/posts"}],"about":[{"href":"https:\/\/radiostargjilan.com\/web\/wp-json\/wp\/v2\/types\/post"}],"author":[{"embeddable":true,"href":"https:\/\/radiostargjilan.com\/web\/wp-json\/wp\/v2\/users\/1"}],"replies":[{"embeddable":true,"href":"https:\/\/radiostargjilan.com\/web\/wp-json\/wp\/v2\/comments?post=140453"}],"version-history":[{"count":0,"href":"https:\/\/radiostargjilan.com\/web\/wp-json\/wp\/v2\/posts\/140453\/revisions"}],"wp:featuredmedia":[{"embeddable":true,"href":"https:\/\/radiostargjilan.com\/web\/wp-json\/wp\/v2\/media\/140454"}],"wp:attachment":[{"href":"https:\/\/radiostargjilan.com\/web\/wp-json\/wp\/v2\/media?parent=140453"}],"wp:term":[{"taxonomy":"category","embeddable":true,"href":"https:\/\/radiostargjilan.com\/web\/wp-json\/wp\/v2\/categories?post=140453"},{"taxonomy":"post_tag","embeddable":true,"href":"https:\/\/radiostargjilan.com\/web\/wp-json\/wp\/v2\/tags?post=140453"}],"curies":[{"name":"wp","href":"https:\/\/api.w.org\/{rel}","templated":true}]}}