{"id":140460,"date":"2023-01-30T09:50:59","date_gmt":"2023-01-30T08:50:59","guid":{"rendered":"https:\/\/radiostargjilan.com\/web\/?p=140460"},"modified":"2023-01-30T09:50:59","modified_gmt":"2023-01-30T08:50:59","slug":"ekskluzive-kapen-107-kg-droge-ne-kamionin-me-targa-te-serbise-ne-terminalin-doganor-ne-prishtine","status":"publish","type":"post","link":"https:\/\/radiostargjilan.com\/web\/ekskluzive-kapen-107-kg-droge-ne-kamionin-me-targa-te-serbise-ne-terminalin-doganor-ne-prishtine\/","title":{"rendered":"Ekskluzive: Kapen 107 kg drog\u00eb n\u00eb kamionin me targa t\u00eb Serbis\u00eb n\u00eb terminalin doganor n\u00eb Prishtin\u00eb"},"content":{"rendered":"<p>Policia e Kosov\u00ebs ka zbarkuar mbr\u00ebm\u00eb n\u00eb terminalin doganor \u201cInter Europa\u201d n\u00eb Prishtin\u00eb, ku n\u00eb nj\u00eb kamion me targa t\u00eb Serbis\u00eb jan\u00eb kapur rreth 107 kilogram\u00eb substanc\u00eb narkotike, marihuan\u00eb dhe \u00ebsht\u00eb arrestuar nj\u00eb person i dyshuar, m\u00ebson ekskluzivisht Gazeta Sinjali.<\/p>\n<p>Burimet nga Dogana kan\u00eb b\u00ebr\u00eb me dije se n\u00eb kamionin q\u00eb po e l\u00ebvizte i dyshuari M.P., n\u00eb rezervuarat e naft\u00ebs jan\u00eb gjetur mbi 100 paketime t\u00eb plastik\u00ebs t\u00eb mbushura me m\u00eb shum\u00eb se 100 kg marihuan\u00eb.<\/p>\n<p>Droga q\u00eb u gjet \u00ebsht\u00eb sekuestruar nga ana e Policis\u00eb, bashk\u00eb me kamionin, mij\u00ebra dinar\u00eb t\u00eb Serbis\u00eb dhe d\u00ebshmi t\u00eb tjera q\u00eb do t\u00eb shfryt\u00ebzohen si prova n\u00eb rast.<\/p>\n<p>Pas p\u00ebrfundimit t\u00eb aksioni, i dyshuari \u00ebsht\u00eb arrestuar dhe shoq\u00ebruar n\u00eb stacion policor, ku \u00ebsht\u00eb intervistuar nga Nj\u00ebsia p\u00ebr Hetimin e Trafikimit me Narkotik\u00eb dhe m\u00eb pas me urdh\u00ebr t\u00eb Prokurorit t\u00eb Shtetit \u00ebsht\u00eb d\u00ebrguar n\u00eb mbajtje p\u00ebr 48 or\u00eb.<\/p>\n<p>Gazeta Sinjali ka kontaktuar edhe Policin\u00eb p\u00ebr t\u00eb marr\u00eb nj\u00eb konfirmim zyrtar, por t\u00eb nj\u00ebjtit akoma nuk kan\u00eb kthyer p\u00ebrgjigje.<\/p>\n","protected":false},"excerpt":{"rendered":"<p>Policia e Kosov\u00ebs ka zbarkuar mbr\u00ebm\u00eb n\u00eb terminalin doganor \u201cInter Europa\u201d n\u00eb Prishtin\u00eb, ku n\u00eb nj\u00eb kamion me targa t\u00eb Serbis\u00eb jan\u00eb kapur rreth 107 kilogram\u00eb substanc\u00eb narkotike, marihuan\u00eb dhe \u00ebsht\u00eb arrestuar nj\u00eb person i dyshuar, m\u00ebson ekskluzivisht Gazeta Sinjali. Burimet nga Dogana kan\u00eb b\u00ebr\u00eb me dije se n\u00eb kamionin q\u00eb po e l\u00ebvizte i [&hellip;]<\/p>\n","protected":false},"author":1,"featured_media":140461,"comment_status":"closed","ping_status":"closed","sticky":false,"template":"","format":"standard","meta":{"footnotes":""},"categories":[116],"tags":[],"class_list":{"0":"post-140460","1":"post","2":"type-post","3":"status-publish","4":"format-standard","5":"has-post-thumbnail","7":"category-policia"},"_links":{"self":[{"href":"https:\/\/radiostargjilan.com\/web\/wp-json\/wp\/v2\/posts\/140460","targetHints":{"allow":["GET"]}}],"collection":[{"href":"https:\/\/radiostargjilan.com\/web\/wp-json\/wp\/v2\/posts"}],"about":[{"href":"https:\/\/radiostargjilan.com\/web\/wp-json\/wp\/v2\/types\/post"}],"author":[{"embeddable":true,"href":"https:\/\/radiostargjilan.com\/web\/wp-json\/wp\/v2\/users\/1"}],"replies":[{"embeddable":true,"href":"https:\/\/radiostargjilan.com\/web\/wp-json\/wp\/v2\/comments?post=140460"}],"version-history":[{"count":0,"href":"https:\/\/radiostargjilan.com\/web\/wp-json\/wp\/v2\/posts\/140460\/revisions"}],"wp:featuredmedia":[{"embeddable":true,"href":"https:\/\/radiostargjilan.com\/web\/wp-json\/wp\/v2\/media\/140461"}],"wp:attachment":[{"href":"https:\/\/radiostargjilan.com\/web\/wp-json\/wp\/v2\/media?parent=140460"}],"wp:term":[{"taxonomy":"category","embeddable":true,"href":"https:\/\/radiostargjilan.com\/web\/wp-json\/wp\/v2\/categories?post=140460"},{"taxonomy":"post_tag","embeddable":true,"href":"https:\/\/radiostargjilan.com\/web\/wp-json\/wp\/v2\/tags?post=140460"}],"curies":[{"name":"wp","href":"https:\/\/api.w.org\/{rel}","templated":true}]}}