{"id":140533,"date":"2023-01-30T20:08:37","date_gmt":"2023-01-30T19:08:37","guid":{"rendered":"https:\/\/radiostargjilan.com\/web\/?p=140533"},"modified":"2023-01-30T20:08:37","modified_gmt":"2023-01-30T19:08:37","slug":"zyra-e-kurtit-dhe-ajo-e-osmanit-konfirmojne-pjesemarrjen-ne-diskutimin-per-asociacionin","status":"publish","type":"post","link":"https:\/\/radiostargjilan.com\/web\/zyra-e-kurtit-dhe-ajo-e-osmanit-konfirmojne-pjesemarrjen-ne-diskutimin-per-asociacionin\/","title":{"rendered":"Zyra e Kurtit dhe ajo e Osmanit konfirmojn\u00eb pjes\u00ebmarrjen n\u00eb diskutimin p\u00ebr Asociacionin"},"content":{"rendered":"<p>Zyra e kryeministrit t\u00eb Kosov\u00ebs, Albin Kurti dhe ajo e presidentes Vjosa Osmani, kan\u00eb konfirmuar pjes\u00ebmarrjen n\u00eb diskutimin p\u00ebr Asociacionin, q\u00eb do ta organizoj\u00eb Ambasada amerikane n\u00eb Prishtin\u00eb m\u00eb 31 janar.<\/p>\n<p>\u201cQ\u00ebllimi yn\u00eb \u00ebsht\u00eb t\u00eb avancojm\u00eb mir\u00ebkuptimin e nd\u00ebrsjell\u00eb p\u00ebr p\u00ebrkushtimin ndaj Asociacionit t\u00eb komunave me shumic\u00eb serbe\u201d, thuhet n\u00eb nj\u00eb p\u00ebrgjigje t\u00eb Ambasad\u00ebs amerikane d\u00ebrguar Radios Evropa e Lir\u00eb.<\/p>\n<p>Ambasada amerikane tha se diskutimi p\u00ebr Asociacioni konsiston me q\u00ebllimin e Shteteve t\u00eb Bashkuara p\u00ebr t\u00eb avancuar integrimin e Kosov\u00ebs n\u00eb strukturat evropiane dhe euroatlantike dhe \u00ebsht\u00eb si \u201creflektim p\u00ebr miq\u00ebsin\u00eb ton\u00eb t\u00eb gjat\u00eb dhe mb\u00ebshtetjen p\u00ebr popullin e Kosov\u00ebs\u201d.<\/p>\n<p>Shtetet e Bashkuara m\u00eb her\u00ebt kan\u00eb deklaruar se n\u00eb diskutimin e 31 janarit jan\u00eb ftuar nj\u00eb grup divers i lider\u00ebve t\u00eb shoq\u00ebris\u00eb civile, zyrtar\u00ebve qeveritar\u00eb, lider\u00ebve politik\u00eb dhe diplomat\u00ebve.<\/p>\n<p>Dy partit\u00eb opozitare, Partia Demokratike e Kosov\u00ebs dhe Lidhja Demokratike e Kosov\u00ebs, po ashtu kan\u00eb konfirmuar pjes\u00ebmarrjen e tyre n\u00eb diskutimin e organizuar nga SHBA-ja.<\/p>\n<p>Kosova dhe Serbia, n\u00eb kuad\u00ebr t\u00eb dialogut q\u00eb nd\u00ebrmjet\u00ebsohet nga Bashkimi Evropian, kan\u00eb arritur dy marr\u00ebveshje sa i p\u00ebrket Asociacionit, nj\u00eb m\u00eb 2013 dhe nj\u00eb m\u00eb 2015.<\/p>\n<p>M\u00eb 2015, Gjykata Kushtetuese e Kosov\u00ebs gjeti se Marr\u00ebveshja mbi parimet p\u00ebr themelimin e Asociacionit, nuk ishte n\u00eb harmoni t\u00eb plot\u00eb me Kushtetut\u00ebn, por q\u00eb nenet mund t\u00eb harmonizohen.<\/p>\n<p>N\u00eb nj\u00eb draft-statut t\u00eb publikuar t\u00eb h\u00ebn\u00ebn nga organizata gjermane, Friedrich-Ebert-Stiftung (FES), parashihet q\u00eb Asociacioni i komunave me shumic\u00eb serbe n\u00eb Kosov\u00eb t\u00eb formohet n\u00eb p\u00ebrputhje me Kushtetut\u00ebn dhe sistemin juridik t\u00eb Kosov\u00ebs.<\/p>\n<p>I p\u00ebrb\u00ebr\u00eb nga 7 kapituj dhe 18 nene, ky draft-statut parasheh m\u00ebnyr\u00ebn e themelimit, struktur\u00ebn organizative, marr\u00ebdh\u00ebniet me autoritetet qendrore, rregullimin ligjor, buxhetin, si dhe aspekte t\u00eb tjera t\u00eb funksionimit t\u00eb k\u00ebtij asociacioni, p\u00ebrfshir\u00eb simbolet.<\/p>\n","protected":false},"excerpt":{"rendered":"<p>Zyra e kryeministrit t\u00eb Kosov\u00ebs, Albin Kurti dhe ajo e presidentes Vjosa Osmani, kan\u00eb konfirmuar pjes\u00ebmarrjen n\u00eb diskutimin p\u00ebr Asociacionin, q\u00eb do ta organizoj\u00eb Ambasada amerikane n\u00eb Prishtin\u00eb m\u00eb 31 janar. \u201cQ\u00ebllimi yn\u00eb \u00ebsht\u00eb t\u00eb avancojm\u00eb mir\u00ebkuptimin e nd\u00ebrsjell\u00eb p\u00ebr p\u00ebrkushtimin ndaj Asociacionit t\u00eb komunave me shumic\u00eb serbe\u201d, thuhet n\u00eb nj\u00eb p\u00ebrgjigje t\u00eb Ambasad\u00ebs amerikane [&hellip;]<\/p>\n","protected":false},"author":1,"featured_media":140534,"comment_status":"closed","ping_status":"closed","sticky":false,"template":"","format":"standard","meta":{"footnotes":""},"categories":[5],"tags":[],"class_list":{"0":"post-140533","1":"post","2":"type-post","3":"status-publish","4":"format-standard","5":"has-post-thumbnail","7":"category-lajme"},"_links":{"self":[{"href":"https:\/\/radiostargjilan.com\/web\/wp-json\/wp\/v2\/posts\/140533","targetHints":{"allow":["GET"]}}],"collection":[{"href":"https:\/\/radiostargjilan.com\/web\/wp-json\/wp\/v2\/posts"}],"about":[{"href":"https:\/\/radiostargjilan.com\/web\/wp-json\/wp\/v2\/types\/post"}],"author":[{"embeddable":true,"href":"https:\/\/radiostargjilan.com\/web\/wp-json\/wp\/v2\/users\/1"}],"replies":[{"embeddable":true,"href":"https:\/\/radiostargjilan.com\/web\/wp-json\/wp\/v2\/comments?post=140533"}],"version-history":[{"count":0,"href":"https:\/\/radiostargjilan.com\/web\/wp-json\/wp\/v2\/posts\/140533\/revisions"}],"wp:featuredmedia":[{"embeddable":true,"href":"https:\/\/radiostargjilan.com\/web\/wp-json\/wp\/v2\/media\/140534"}],"wp:attachment":[{"href":"https:\/\/radiostargjilan.com\/web\/wp-json\/wp\/v2\/media?parent=140533"}],"wp:term":[{"taxonomy":"category","embeddable":true,"href":"https:\/\/radiostargjilan.com\/web\/wp-json\/wp\/v2\/categories?post=140533"},{"taxonomy":"post_tag","embeddable":true,"href":"https:\/\/radiostargjilan.com\/web\/wp-json\/wp\/v2\/tags?post=140533"}],"curies":[{"name":"wp","href":"https:\/\/api.w.org\/{rel}","templated":true}]}}