{"id":140925,"date":"2023-02-04T11:45:24","date_gmt":"2023-02-04T10:45:24","guid":{"rendered":"https:\/\/radiostargjilan.com\/web\/?p=140925"},"modified":"2023-02-04T11:45:24","modified_gmt":"2023-02-04T10:45:24","slug":"mehaj-nga-brezovica-trupat-tane-te-gatshem-te-realizojne-operacione-te-kerkim-shpetimit-ne-kushte-ekstreme","status":"publish","type":"post","link":"https:\/\/radiostargjilan.com\/web\/mehaj-nga-brezovica-trupat-tane-te-gatshem-te-realizojne-operacione-te-kerkim-shpetimit-ne-kushte-ekstreme\/","title":{"rendered":"Mehaj nga Brezovica: Trupat tan\u00eb t\u00eb gatsh\u00ebm t\u00eb realizojn\u00eb operacione t\u00eb k\u00ebrkim-shp\u00ebtimit n\u00eb kushte ekstreme"},"content":{"rendered":"<p>Ministri i Mbrojtjes, Armend Mehaj ka njoftuar se trupat e Kosov\u00ebs jan\u00eb t\u00eb gatsh\u00ebm q\u00eb t\u00eb realizojn\u00eb operacione t\u00eb k\u00ebrkim-shp\u00ebtimit n\u00eb kushte ekstreme dim\u00ebrore.<\/p>\n<p>Ai p\u00ebrmes nj\u00eb postimi n\u00eb Facebook, ka th\u00ebn\u00eb se aktualisht Qendra Nd\u00ebrkomb\u00ebtare e Trajnimit p\u00ebr K\u00ebrkim Shp\u00ebtim (QNTKSH), po realizon trajnimin p\u00ebr K\u00ebrkim Shp\u00ebtim Dim\u00ebror n\u00eb Brezovic\u00eb me fokus n\u00eb operacionet e evakuimit t\u00eb l\u00ebnduarve me ski, evakuimit t\u00eb l\u00ebnduarve nga orteku dhe m\u00ebnyrat e k\u00ebrkimit n\u00eb orteqe.<\/p>\n<p>\u201cTrupat tan\u00eb t\u00eb gatsh\u00ebm t\u00eb realizojn\u00eb operacione t\u00eb k\u00ebrkim- shp\u00ebtimit n\u00eb kushte ekstreme dim\u00ebrore. Qendra Nd\u00ebrkomb\u00ebtare e Trajnimit p\u00ebr K\u00ebrkim Shp\u00ebtim (QNTKSH), po realizon trajnimin p\u00ebr K\u00ebrkim Shp\u00ebtim Dim\u00ebror n\u00eb Brezovic\u00eb me fokus n\u00eb operacionet e evakuimit t\u00eb l\u00ebnduarve me ski, evakuimit t\u00eb l\u00ebnduarve nga orteku dhe m\u00ebnyrat e k\u00ebrkimit n\u00eb orteqe. Vazhdojm\u00eb drejt sukseseve t\u00eb reja!\u201d, ka shkruar Mehaj.<\/p>\n","protected":false},"excerpt":{"rendered":"<p>Ministri i Mbrojtjes, Armend Mehaj ka njoftuar se trupat e Kosov\u00ebs jan\u00eb t\u00eb gatsh\u00ebm q\u00eb t\u00eb realizojn\u00eb operacione t\u00eb k\u00ebrkim-shp\u00ebtimit n\u00eb kushte ekstreme dim\u00ebrore. Ai p\u00ebrmes nj\u00eb postimi n\u00eb Facebook, ka th\u00ebn\u00eb se aktualisht Qendra Nd\u00ebrkomb\u00ebtare e Trajnimit p\u00ebr K\u00ebrkim Shp\u00ebtim (QNTKSH), po realizon trajnimin p\u00ebr K\u00ebrkim Shp\u00ebtim Dim\u00ebror n\u00eb Brezovic\u00eb me fokus n\u00eb operacionet [&hellip;]<\/p>\n","protected":false},"author":1,"featured_media":140926,"comment_status":"closed","ping_status":"closed","sticky":false,"template":"","format":"standard","meta":{"footnotes":""},"categories":[5],"tags":[],"class_list":{"0":"post-140925","1":"post","2":"type-post","3":"status-publish","4":"format-standard","5":"has-post-thumbnail","7":"category-lajme"},"_links":{"self":[{"href":"https:\/\/radiostargjilan.com\/web\/wp-json\/wp\/v2\/posts\/140925","targetHints":{"allow":["GET"]}}],"collection":[{"href":"https:\/\/radiostargjilan.com\/web\/wp-json\/wp\/v2\/posts"}],"about":[{"href":"https:\/\/radiostargjilan.com\/web\/wp-json\/wp\/v2\/types\/post"}],"author":[{"embeddable":true,"href":"https:\/\/radiostargjilan.com\/web\/wp-json\/wp\/v2\/users\/1"}],"replies":[{"embeddable":true,"href":"https:\/\/radiostargjilan.com\/web\/wp-json\/wp\/v2\/comments?post=140925"}],"version-history":[{"count":0,"href":"https:\/\/radiostargjilan.com\/web\/wp-json\/wp\/v2\/posts\/140925\/revisions"}],"wp:featuredmedia":[{"embeddable":true,"href":"https:\/\/radiostargjilan.com\/web\/wp-json\/wp\/v2\/media\/140926"}],"wp:attachment":[{"href":"https:\/\/radiostargjilan.com\/web\/wp-json\/wp\/v2\/media?parent=140925"}],"wp:term":[{"taxonomy":"category","embeddable":true,"href":"https:\/\/radiostargjilan.com\/web\/wp-json\/wp\/v2\/categories?post=140925"},{"taxonomy":"post_tag","embeddable":true,"href":"https:\/\/radiostargjilan.com\/web\/wp-json\/wp\/v2\/tags?post=140925"}],"curies":[{"name":"wp","href":"https:\/\/api.w.org\/{rel}","templated":true}]}}