{"id":14158,"date":"2018-04-05T09:58:40","date_gmt":"2018-04-05T09:58:40","guid":{"rendered":"http:\/\/radiostargjilan.com\/web\/?p=14158"},"modified":"2018-04-05T09:59:25","modified_gmt":"2018-04-05T09:59:25","slug":"haziri-problemi-i-serbise-eshte-territorial-smund-te-kete-dialog-te-pakufi","status":"publish","type":"post","link":"https:\/\/radiostargjilan.com\/web\/haziri-problemi-i-serbise-eshte-territorial-smund-te-kete-dialog-te-pakufi\/","title":{"rendered":"Haziri: Problemi i Serbis\u00eb \u00ebsht\u00eb territorial, s\u2019mund t\u00eb ket\u00eb dialog t\u00eb pakufi"},"content":{"rendered":"<p>N\u00ebnkryetari i LDK-s\u00eb, Lutfi Haziri, ka th\u00ebn\u00eb se problemi i Serbis\u00eb ndaj Kosov\u00ebs \u00ebsht\u00eb territorial.<\/p>\n<p>Ai ka potencuar se shteti serb n\u00eb pamund\u00ebsi t\u00eb fitimit t\u00eb territorit kosovar n\u00eb alternativa t\u00eb tjera, ai tashm\u00eb po tenton ndarjen e Kosov\u00ebs.<\/p>\n<p>\u201dDuhet dikush t\u00eb vler\u00ebsoj\u00eb dialogun. Duhet t\u00eb vendosni sepse nuk ka bisedime t\u00eb pakufishme\u201d.<\/p>\n<p>\u201dEdhe bisedimet e Brukselit q\u00eb u nis\u00ebn nga Kryeministri e po vazhdojn\u00eb nga Presidenti sot, Serbia ka q\u00ebllimin e nj\u00ebjt\u00eb\u201d.<\/p>\n<p>\u201dProblemi i Serbis\u00eb \u00ebsht\u00eb territorial. Sepse n\u00eb pamund\u00ebsi t\u00eb spastrimit etnik n\u00eb forma t\u00eb tjera, po tenton ndarjen e Kosov\u00ebs, p\u00ebr ta larguar nga harta t\u00eb arritur\u00ebn e Kosov\u00ebs\u201d.<\/p>\n<p>K\u00ebto deklarime Lutfi Haziri i dha sot n\u00eb konferenc\u00ebn e mbajtur ku u prezantua\u201dSkenari i \u2018Finales s\u00eb Madhe\u2019 mes Kosov\u00ebs e Serbis\u00eb\u201d.<\/p>\n","protected":false},"excerpt":{"rendered":"<p>N\u00ebnkryetari i LDK-s\u00eb, Lutfi Haziri, ka th\u00ebn\u00eb se problemi i Serbis\u00eb ndaj Kosov\u00ebs \u00ebsht\u00eb territorial. Ai ka potencuar se shteti serb n\u00eb pamund\u00ebsi t\u00eb fitimit t\u00eb territorit kosovar n\u00eb alternativa t\u00eb tjera, ai tashm\u00eb po tenton ndarjen e Kosov\u00ebs. \u201dDuhet dikush t\u00eb vler\u00ebsoj\u00eb dialogun. Duhet t\u00eb vendosni sepse nuk ka bisedime t\u00eb pakufishme\u201d. \u201dEdhe bisedimet [&hellip;]<\/p>\n","protected":false},"author":1,"featured_media":14160,"comment_status":"closed","ping_status":"closed","sticky":false,"template":"","format":"standard","meta":{"footnotes":""},"categories":[5],"tags":[],"class_list":{"0":"post-14158","1":"post","2":"type-post","3":"status-publish","4":"format-standard","5":"has-post-thumbnail","7":"category-lajme"},"_links":{"self":[{"href":"https:\/\/radiostargjilan.com\/web\/wp-json\/wp\/v2\/posts\/14158","targetHints":{"allow":["GET"]}}],"collection":[{"href":"https:\/\/radiostargjilan.com\/web\/wp-json\/wp\/v2\/posts"}],"about":[{"href":"https:\/\/radiostargjilan.com\/web\/wp-json\/wp\/v2\/types\/post"}],"author":[{"embeddable":true,"href":"https:\/\/radiostargjilan.com\/web\/wp-json\/wp\/v2\/users\/1"}],"replies":[{"embeddable":true,"href":"https:\/\/radiostargjilan.com\/web\/wp-json\/wp\/v2\/comments?post=14158"}],"version-history":[{"count":0,"href":"https:\/\/radiostargjilan.com\/web\/wp-json\/wp\/v2\/posts\/14158\/revisions"}],"wp:featuredmedia":[{"embeddable":true,"href":"https:\/\/radiostargjilan.com\/web\/wp-json\/wp\/v2\/media\/14160"}],"wp:attachment":[{"href":"https:\/\/radiostargjilan.com\/web\/wp-json\/wp\/v2\/media?parent=14158"}],"wp:term":[{"taxonomy":"category","embeddable":true,"href":"https:\/\/radiostargjilan.com\/web\/wp-json\/wp\/v2\/categories?post=14158"},{"taxonomy":"post_tag","embeddable":true,"href":"https:\/\/radiostargjilan.com\/web\/wp-json\/wp\/v2\/tags?post=14158"}],"curies":[{"name":"wp","href":"https:\/\/api.w.org\/{rel}","templated":true}]}}