{"id":141984,"date":"2023-02-13T09:06:18","date_gmt":"2023-02-13T08:06:18","guid":{"rendered":"https:\/\/radiostargjilan.com\/web\/?p=141984"},"modified":"2023-02-13T09:06:18","modified_gmt":"2023-02-13T08:06:18","slug":"sot-shenohet-dita-nderkombetare-e-radios","status":"publish","type":"post","link":"https:\/\/radiostargjilan.com\/web\/sot-shenohet-dita-nderkombetare-e-radios\/","title":{"rendered":"Sot sh\u00ebnohet Dita Nd\u00ebrkomb\u00ebtare e Radios"},"content":{"rendered":"<p>Sot sh\u00ebnohet Dita Nd\u00ebrkomb\u00ebtare e Radios.<\/p>\n<p>UNESCO e ka shpallur k\u00ebt\u00eb fest\u00eb p\u00ebr t\u00eb promovuar radion si medium dhe t\u00eb gjitha mund\u00ebsit\u00eb q\u00eb ajo ofron.<\/p>\n<p>13 shkurti \u00ebsht\u00eb zgjedhur pasi n\u00eb k\u00ebt\u00eb dat\u00eb, n\u00eb vitin 1946, Radio e Kombeve t\u00eb Bashkuara ka emetuar programin e par\u00eb, raporton ksp.<\/p>\n<p>Ish-sekretari i p\u00ebrgjithsh\u00ebm i OKB-s\u00eb, Ban Ki-moon kishte th\u00ebn\u00eb se radioja arg\u00ebton, edukon, informon, si dhe ndihmon n\u00eb popullarizimin e ndryshimeve demokratike n\u00eb gjith\u00eb globin.<\/p>\n","protected":false},"excerpt":{"rendered":"<p>Sot sh\u00ebnohet Dita Nd\u00ebrkomb\u00ebtare e Radios. UNESCO e ka shpallur k\u00ebt\u00eb fest\u00eb p\u00ebr t\u00eb promovuar radion si medium dhe t\u00eb gjitha mund\u00ebsit\u00eb q\u00eb ajo ofron. 13 shkurti \u00ebsht\u00eb zgjedhur pasi n\u00eb k\u00ebt\u00eb dat\u00eb, n\u00eb vitin 1946, Radio e Kombeve t\u00eb Bashkuara ka emetuar programin e par\u00eb, raporton ksp. Ish-sekretari i p\u00ebrgjithsh\u00ebm i OKB-s\u00eb, Ban Ki-moon [&hellip;]<\/p>\n","protected":false},"author":1,"featured_media":141985,"comment_status":"closed","ping_status":"closed","sticky":false,"template":"","format":"standard","meta":{"footnotes":""},"categories":[5],"tags":[],"class_list":{"0":"post-141984","1":"post","2":"type-post","3":"status-publish","4":"format-standard","5":"has-post-thumbnail","7":"category-lajme"},"_links":{"self":[{"href":"https:\/\/radiostargjilan.com\/web\/wp-json\/wp\/v2\/posts\/141984","targetHints":{"allow":["GET"]}}],"collection":[{"href":"https:\/\/radiostargjilan.com\/web\/wp-json\/wp\/v2\/posts"}],"about":[{"href":"https:\/\/radiostargjilan.com\/web\/wp-json\/wp\/v2\/types\/post"}],"author":[{"embeddable":true,"href":"https:\/\/radiostargjilan.com\/web\/wp-json\/wp\/v2\/users\/1"}],"replies":[{"embeddable":true,"href":"https:\/\/radiostargjilan.com\/web\/wp-json\/wp\/v2\/comments?post=141984"}],"version-history":[{"count":0,"href":"https:\/\/radiostargjilan.com\/web\/wp-json\/wp\/v2\/posts\/141984\/revisions"}],"wp:featuredmedia":[{"embeddable":true,"href":"https:\/\/radiostargjilan.com\/web\/wp-json\/wp\/v2\/media\/141985"}],"wp:attachment":[{"href":"https:\/\/radiostargjilan.com\/web\/wp-json\/wp\/v2\/media?parent=141984"}],"wp:term":[{"taxonomy":"category","embeddable":true,"href":"https:\/\/radiostargjilan.com\/web\/wp-json\/wp\/v2\/categories?post=141984"},{"taxonomy":"post_tag","embeddable":true,"href":"https:\/\/radiostargjilan.com\/web\/wp-json\/wp\/v2\/tags?post=141984"}],"curies":[{"name":"wp","href":"https:\/\/api.w.org\/{rel}","templated":true}]}}