{"id":141987,"date":"2023-02-13T09:32:48","date_gmt":"2023-02-13T08:32:48","guid":{"rendered":"https:\/\/radiostargjilan.com\/web\/?p=141987"},"modified":"2023-02-13T09:32:48","modified_gmt":"2023-02-13T08:32:48","slug":"ike-shpejtte-pashpirtet-ta-moren-jeten-postimi-i-motres-se-41-vjecarit-qe-u-ther-per-vdekje","status":"publish","type":"post","link":"https:\/\/radiostargjilan.com\/web\/ike-shpejtte-pashpirtet-ta-moren-jeten-postimi-i-motres-se-41-vjecarit-qe-u-ther-per-vdekje\/","title":{"rendered":"\u201cIke shpejt\u2026t\u00eb pashpirt\u00ebt ta mor\u00ebn jet\u00ebn\u201d, postimi i motr\u00ebs s\u00eb 41-vje\u00e7arit q\u00eb u ther p\u00ebr vdekje"},"content":{"rendered":"<p>Nj\u00eb ngjarje tragjike ndodhi mbr\u00ebm\u00eb n\u00eb familjen Hamiti n\u00eb Prishtin\u00eb. Familjari i tyre, Arsim Hamiti u ther p\u00ebr vdekje me thik\u00eb rrug\u00ebn \u201cPjet\u00ebr Budi\u201d n\u00eb Fush\u00eb Kosov\u00eb, shktuan GazetaExpress.<\/p>\n<p>Fatkeq\u00ebsisht 41-vje\u00e7ari nuk arriti t\u00eb mbijetoj\u00eb dhe u d\u00ebrgua n\u00eb Emergjenc\u00eb pa shenja jete, ku u konfirmua vdekja e tij.<\/p>\n<p>Policia e Kosov\u00ebs tashm\u00eb ka b\u00ebr\u00eb t\u00eb ditur se jan\u00eb arrestuar dy persona t\u00eb dyshuar lidhur me k\u00ebt\u00eb rast.<\/p>\n<p>P\u00ebrve\u00e7 Policis\u00eb, lajmin p\u00ebr vdekjen e tij e kan\u00eb dh\u00ebn\u00eb edhe familjar\u00ebt n\u00eb rrjetet sociale, ku kan\u00eb shkruar fjal\u00eb prek\u00ebse p\u00ebr t\u00eb ndjerin.<\/p>\n<p>\u201cNuk do ta besoja asnj\u00ebher\u00eb q\u00eb do ik kaq shpejt, kishim shum\u00eb plane v\u00eblla Arsim, por t\u00eb pashpirt\u00ebt ta mor\u00ebn jet\u00ebn. Qofsh i parajs\u00ebs Cimo\u2026\u201d, ka shkruar motra, teksa edhe v\u00ebllez\u00ebrit e tij jan\u00eb shprehur t\u00eb pik\u00eblluar.<\/p>\n<p>Arrestimi i t\u00eb dyshuarve<\/p>\n<p>Dy 26-vje\u00e7ar\u00eb jan\u00eb kapur nga Policia, me \u00e7\u2019rast \u00ebsht\u00eb sekuestruar edhe thika q\u00eb dyshohet se u p\u00ebrdor.<\/p>\n<p>\u201cSot (13.02.2023) rreth or\u00ebs 01.:30, nga nj\u00ebsiti i hetimeve t\u00eb P\u00ebrgjithshme t\u00eb rajonit t\u00eb Prishtin\u00ebs, jan\u00eb arrestuar dy persona t\u00eb dyshuar p\u00ebr vepr\u00ebn penale vrasje, q\u00eb ka ndodh\u00eb me dat\u00ebn 12.02.2023, n\u00eb rrug\u00ebn \u201cPjet\u00ebr Budi\u201d, n\u00eb Fush\u00eb Kosov\u00eb.<\/p>\n<p>A.M, mashkull, 26 vje\u00e7, shtetas i Republik\u00ebs s\u00eb Kosov\u00ebs dhe L.B, mashkull, 26 vje\u00e7, shtetas i Republik\u00ebs s\u00eb Kosov\u00ebs si dhe sekuestuarimin e nj\u00eb arme t\u00eb ftoht\u00eb (thik\u00eb),q\u00eb dyshohet t\u00eb jen\u00eb p\u00ebrdor\u00eb n\u00eb rast. Pas intervistimit, personat e arrestuar me vendim t\u00eb prokurorit t\u00eb shtetit, u \u00ebsht\u00eb shqiptuar masa e ndalimit prej 48 or\u00ebsh\u201d, njofton Policia.<\/p>\n<p>Rasti ka ndodhur mbr\u00ebm\u00eb rreth or\u00ebs 21:40, kur viktima u sulmua me thik\u00eb dhe p\u00ebsoi l\u00ebndime t\u00eb r\u00ebnda trupore. Ai u gjet i shtrir\u00eb n\u00eb tok\u00eb nga Policia dhe m\u00eb pas u d\u00ebrgua menj\u00ebher\u00eb n\u00eb Emergjenc\u00eb. N\u00eb spital vet\u00ebm u konstatua vdekja e tij, kurse trupi i pajet\u00eb u t\u00ebrhoq p\u00ebr t\u2019u d\u00ebrguar n\u00eb IML p\u00ebr obduksion.<\/p>\n","protected":false},"excerpt":{"rendered":"<p>Nj\u00eb ngjarje tragjike ndodhi mbr\u00ebm\u00eb n\u00eb familjen Hamiti n\u00eb Prishtin\u00eb. Familjari i tyre, Arsim Hamiti u ther p\u00ebr vdekje me thik\u00eb rrug\u00ebn \u201cPjet\u00ebr Budi\u201d n\u00eb Fush\u00eb Kosov\u00eb, shktuan GazetaExpress. Fatkeq\u00ebsisht 41-vje\u00e7ari nuk arriti t\u00eb mbijetoj\u00eb dhe u d\u00ebrgua n\u00eb Emergjenc\u00eb pa shenja jete, ku u konfirmua vdekja e tij. Policia e Kosov\u00ebs tashm\u00eb ka b\u00ebr\u00eb [&hellip;]<\/p>\n","protected":false},"author":1,"featured_media":141988,"comment_status":"closed","ping_status":"closed","sticky":false,"template":"","format":"standard","meta":{"footnotes":""},"categories":[5],"tags":[],"class_list":{"0":"post-141987","1":"post","2":"type-post","3":"status-publish","4":"format-standard","5":"has-post-thumbnail","7":"category-lajme"},"_links":{"self":[{"href":"https:\/\/radiostargjilan.com\/web\/wp-json\/wp\/v2\/posts\/141987","targetHints":{"allow":["GET"]}}],"collection":[{"href":"https:\/\/radiostargjilan.com\/web\/wp-json\/wp\/v2\/posts"}],"about":[{"href":"https:\/\/radiostargjilan.com\/web\/wp-json\/wp\/v2\/types\/post"}],"author":[{"embeddable":true,"href":"https:\/\/radiostargjilan.com\/web\/wp-json\/wp\/v2\/users\/1"}],"replies":[{"embeddable":true,"href":"https:\/\/radiostargjilan.com\/web\/wp-json\/wp\/v2\/comments?post=141987"}],"version-history":[{"count":0,"href":"https:\/\/radiostargjilan.com\/web\/wp-json\/wp\/v2\/posts\/141987\/revisions"}],"wp:featuredmedia":[{"embeddable":true,"href":"https:\/\/radiostargjilan.com\/web\/wp-json\/wp\/v2\/media\/141988"}],"wp:attachment":[{"href":"https:\/\/radiostargjilan.com\/web\/wp-json\/wp\/v2\/media?parent=141987"}],"wp:term":[{"taxonomy":"category","embeddable":true,"href":"https:\/\/radiostargjilan.com\/web\/wp-json\/wp\/v2\/categories?post=141987"},{"taxonomy":"post_tag","embeddable":true,"href":"https:\/\/radiostargjilan.com\/web\/wp-json\/wp\/v2\/tags?post=141987"}],"curies":[{"name":"wp","href":"https:\/\/api.w.org\/{rel}","templated":true}]}}