{"id":142252,"date":"2023-02-15T16:09:59","date_gmt":"2023-02-15T15:09:59","guid":{"rendered":"https:\/\/radiostargjilan.com\/web\/?p=142252"},"modified":"2023-02-15T16:09:59","modified_gmt":"2023-02-15T15:09:59","slug":"kurti-nuk-jam-ne-dijeni-se-be-ka-verejtje-per-6-kushtet-e-mia-duhet-te-flas-me-bislimin","status":"publish","type":"post","link":"https:\/\/radiostargjilan.com\/web\/kurti-nuk-jam-ne-dijeni-se-be-ka-verejtje-per-6-kushtet-e-mia-duhet-te-flas-me-bislimin\/","title":{"rendered":"Kurti: Nuk jam n\u00eb dijeni se BE ka v\u00ebrejtje p\u00ebr 6 kushtet e mia, duhet t\u00eb flas me Bislimin"},"content":{"rendered":"<p>Kryeministri Albin Kurti ka th\u00ebn\u00eb se nuk \u00ebsht\u00eb n\u00eb dijeni q\u00eb BE-ja ka v\u00ebrejtje p\u00ebr 2 nga 6 kushtet e tij p\u00ebr themelimin e Asociacionit t\u00eb Komunave me Shumic\u00eb Serbe.<\/p>\n<p>Kurti tha para gazetar\u00ebve t\u00eb m\u00ebrkur\u00ebn se ndoshta duhet t\u00eb takohet me z\u00ebvend\u00ebsin e tij, Bislimi, p\u00ebr t\u00eb diskutuar se cilat jan\u00eb ato v\u00ebrejtje.<\/p>\n<p>\u201cUn\u00eb nuk jam n\u00eb dijeni p\u00ebr ndonj\u00eb v\u00ebrejtje t\u00eb till\u00eb, mbase duhet ta takoj z\u00ebvend\u00ebsin tim e ta shoh se \u00e7far\u00eb komunikimi ka pas me vendet e BE-s\u00eb por ato 6 kushte, 6 parime jan\u00eb t\u00eb tilla q\u00eb mund\u00ebsojn\u00eb q\u00eb Asociacioni t\u00eb jet\u00eb n\u00eb p\u00ebrputhje me Kushtetut\u00ebn dhe ligjet e Kosov\u00ebs, t\u00eb mos jet\u00eb monoetnik, t\u00eb kemi reciprocitet t\u00eb pakicave komb\u00ebtare pasi q\u00eb derisa n\u00eb Kosov\u00eb jan\u00eb rreth 4 p\u00ebr qind pakica, n\u00eb Serbi nuk mund ta ket\u00eb m\u00eb shum\u00eb se 80 p\u00ebr qind serb. Mandej strukturat ilegale duhet t\u00eb shuhen e \u00e7armatosen n\u00eb veri por nuk duhet harruar q\u00eb \u00ebsht\u00eb e domosdoshme q\u00eb presidenti i Serbis\u00eb t\u2019i t\u00ebrheq\u00eb ato 5 letra q\u00eb ia ka d\u00ebrguar vendeve an\u00ebtare t\u00eb BE-s\u00eb duke e shkelur edhe marr\u00ebveshjen m\u00eb t\u00eb dashur t\u00eb tij t\u00eb 19 prillit 2013\u201d, tha Kurti.<\/p>\n<p>Ndryshe, z\u00ebvend\u00ebskryeministri Besnik Bislimi, jav\u00ebn e kaluar kishte th\u00ebn\u00eb se BE-ja i ka v\u00ebrejtjet e saj n\u00eb 2 kushte dhe p\u00ebr at\u00eb do t\u00eb duhej t\u00eb pyetej emisari Laj\u00e7ak, transmeton teve1.info<\/p>\n<p>\u201cGjasht\u00eb kushtet q\u00eb ka propozuar Kurti, n\u00eb fakt jan\u00eb parakushte q\u00eb tregojn\u00eb se mund t\u00eb diskutohet p\u00ebr mekanizmin e avancuar t\u00eb mbrojtjes s\u00eb t\u00eb drejtave t\u00eb minoriteteve. Bashkimi Evropian ka v\u00ebrejtjet e saj n\u00eb dy kushte, por se cilat jan\u00eb ato dhe pse ka v\u00ebrejtje mund ta pyesni z. Laj\u00e7ak kur \u00ebsht\u00eb n\u00eb Prishtin\u00eb\u201d, kishte th\u00ebn\u00eb Bislimi t\u00eb m\u00ebrkur\u00ebn e jav\u00ebs s\u00eb kaluar.<\/p>\n","protected":false},"excerpt":{"rendered":"<p>Kryeministri Albin Kurti ka th\u00ebn\u00eb se nuk \u00ebsht\u00eb n\u00eb dijeni q\u00eb BE-ja ka v\u00ebrejtje p\u00ebr 2 nga 6 kushtet e tij p\u00ebr themelimin e Asociacionit t\u00eb Komunave me Shumic\u00eb Serbe. Kurti tha para gazetar\u00ebve t\u00eb m\u00ebrkur\u00ebn se ndoshta duhet t\u00eb takohet me z\u00ebvend\u00ebsin e tij, Bislimi, p\u00ebr t\u00eb diskutuar se cilat jan\u00eb ato v\u00ebrejtje. \u201cUn\u00eb [&hellip;]<\/p>\n","protected":false},"author":1,"featured_media":141718,"comment_status":"closed","ping_status":"closed","sticky":false,"template":"","format":"standard","meta":{"footnotes":""},"categories":[5],"tags":[],"class_list":{"0":"post-142252","1":"post","2":"type-post","3":"status-publish","4":"format-standard","5":"has-post-thumbnail","7":"category-lajme"},"_links":{"self":[{"href":"https:\/\/radiostargjilan.com\/web\/wp-json\/wp\/v2\/posts\/142252","targetHints":{"allow":["GET"]}}],"collection":[{"href":"https:\/\/radiostargjilan.com\/web\/wp-json\/wp\/v2\/posts"}],"about":[{"href":"https:\/\/radiostargjilan.com\/web\/wp-json\/wp\/v2\/types\/post"}],"author":[{"embeddable":true,"href":"https:\/\/radiostargjilan.com\/web\/wp-json\/wp\/v2\/users\/1"}],"replies":[{"embeddable":true,"href":"https:\/\/radiostargjilan.com\/web\/wp-json\/wp\/v2\/comments?post=142252"}],"version-history":[{"count":0,"href":"https:\/\/radiostargjilan.com\/web\/wp-json\/wp\/v2\/posts\/142252\/revisions"}],"wp:featuredmedia":[{"embeddable":true,"href":"https:\/\/radiostargjilan.com\/web\/wp-json\/wp\/v2\/media\/141718"}],"wp:attachment":[{"href":"https:\/\/radiostargjilan.com\/web\/wp-json\/wp\/v2\/media?parent=142252"}],"wp:term":[{"taxonomy":"category","embeddable":true,"href":"https:\/\/radiostargjilan.com\/web\/wp-json\/wp\/v2\/categories?post=142252"},{"taxonomy":"post_tag","embeddable":true,"href":"https:\/\/radiostargjilan.com\/web\/wp-json\/wp\/v2\/tags?post=142252"}],"curies":[{"name":"wp","href":"https:\/\/api.w.org\/{rel}","templated":true}]}}