{"id":143171,"date":"2023-02-26T12:36:06","date_gmt":"2023-02-26T11:36:06","guid":{"rendered":"https:\/\/radiostargjilan.com\/web\/?p=143171"},"modified":"2023-02-26T12:36:06","modified_gmt":"2023-02-26T11:36:06","slug":"agim-ademi-kryetar-i-ffk-se-nuk-merre-pjese-ne-ceremonine-zyrtare-te-ndarjes-se-cmimeve-vjetore-nga-kok-u","status":"publish","type":"post","link":"https:\/\/radiostargjilan.com\/web\/agim-ademi-kryetar-i-ffk-se-nuk-merre-pjese-ne-ceremonine-zyrtare-te-ndarjes-se-cmimeve-vjetore-nga-kok-u\/","title":{"rendered":"Agim Ademi, kryetar i FFK-s\u00eb nuk merr\u00eb pjes\u00eb n\u00eb ceremonin\u00eb zyrtare t\u00eb ndarjes s\u00eb \u00e7mimeve vjetore nga KOK-u"},"content":{"rendered":"<p>Agim Ademi, kryetar i FFK-s\u00eb nuk merr\u00eb pjes\u00eb n\u00eb ceremonin\u00eb zyrtare t\u00eb ndarjes s\u00eb \u00e7mimeve vjetore nga KOK-u.<\/p>\n<p>Agim Ademi nuk ka pranuar q\u00eb t\u00eb jet\u00eb prezent\u00eb p\u00ebr ta pranuar \u00e7mimin special q\u00eb Vedat Muriqi e fitoi nga Komiteti Olimpik i Kosov\u00ebs.<\/p>\n<p>Arsyeja e mospjes\u00ebmarrjes s\u00eb tij n\u00eb k\u00ebt\u00eb ceremoni, sipas Sport info, \u00ebsht\u00eb se Ademi e kishte nominuar vet\u00ebveten e tij p\u00ebr k\u00ebt\u00eb \u00e7mim, dhe pasi KOK vendosi t\u2019ia jepte Muriqit, kryetari i FFK-s\u00eb u inatos dhe nuk doli p\u00ebr ta pranuar \u00e7mimin n\u00eb em\u00ebr t\u00eb Vedatit.\/Nacionale\/<\/p>\n","protected":false},"excerpt":{"rendered":"<p>Agim Ademi, kryetar i FFK-s\u00eb nuk merr\u00eb pjes\u00eb n\u00eb ceremonin\u00eb zyrtare t\u00eb ndarjes s\u00eb \u00e7mimeve vjetore nga KOK-u. Agim Ademi nuk ka pranuar q\u00eb t\u00eb jet\u00eb prezent\u00eb p\u00ebr ta pranuar \u00e7mimin special q\u00eb Vedat Muriqi e fitoi nga Komiteti Olimpik i Kosov\u00ebs. Arsyeja e mospjes\u00ebmarrjes s\u00eb tij n\u00eb k\u00ebt\u00eb ceremoni, sipas Sport info, \u00ebsht\u00eb se [&hellip;]<\/p>\n","protected":false},"author":1,"featured_media":143185,"comment_status":"closed","ping_status":"closed","sticky":false,"template":"","format":"standard","meta":{"footnotes":""},"categories":[7],"tags":[],"class_list":{"0":"post-143171","1":"post","2":"type-post","3":"status-publish","4":"format-standard","5":"has-post-thumbnail","7":"category-sports"},"_links":{"self":[{"href":"https:\/\/radiostargjilan.com\/web\/wp-json\/wp\/v2\/posts\/143171","targetHints":{"allow":["GET"]}}],"collection":[{"href":"https:\/\/radiostargjilan.com\/web\/wp-json\/wp\/v2\/posts"}],"about":[{"href":"https:\/\/radiostargjilan.com\/web\/wp-json\/wp\/v2\/types\/post"}],"author":[{"embeddable":true,"href":"https:\/\/radiostargjilan.com\/web\/wp-json\/wp\/v2\/users\/1"}],"replies":[{"embeddable":true,"href":"https:\/\/radiostargjilan.com\/web\/wp-json\/wp\/v2\/comments?post=143171"}],"version-history":[{"count":0,"href":"https:\/\/radiostargjilan.com\/web\/wp-json\/wp\/v2\/posts\/143171\/revisions"}],"wp:featuredmedia":[{"embeddable":true,"href":"https:\/\/radiostargjilan.com\/web\/wp-json\/wp\/v2\/media\/143185"}],"wp:attachment":[{"href":"https:\/\/radiostargjilan.com\/web\/wp-json\/wp\/v2\/media?parent=143171"}],"wp:term":[{"taxonomy":"category","embeddable":true,"href":"https:\/\/radiostargjilan.com\/web\/wp-json\/wp\/v2\/categories?post=143171"},{"taxonomy":"post_tag","embeddable":true,"href":"https:\/\/radiostargjilan.com\/web\/wp-json\/wp\/v2\/tags?post=143171"}],"curies":[{"name":"wp","href":"https:\/\/api.w.org\/{rel}","templated":true}]}}