{"id":143444,"date":"2023-02-27T13:06:55","date_gmt":"2023-02-27T12:06:55","guid":{"rendered":"https:\/\/radiostargjilan.com\/web\/?p=143444"},"modified":"2023-02-27T13:06:55","modified_gmt":"2023-02-27T12:06:55","slug":"gjykata-e-gjilanit-vendos-masen-e-paraburgimit-ndaj-futbollistit-nigerian","status":"publish","type":"post","link":"https:\/\/radiostargjilan.com\/web\/gjykata-e-gjilanit-vendos-masen-e-paraburgimit-ndaj-futbollistit-nigerian\/","title":{"rendered":"Gjykata e Gjilanit vendos mas\u00ebn e paraburgimit ndaj futbollistit nigerian"},"content":{"rendered":"<p>Gjykata Themelore n\u00eb Gjilan ka aprovuar k\u00ebrkes\u00ebn e Prokuroris\u00eb Themelore t\u00eb Gjilanit, duke i caktuar mas\u00ebn e paraburgimit prej 40 (kat\u00ebrdhjet\u00eb) dit\u00eb t\u00eb pandehurit Th. S.<\/p>\n<p>Ekziston dyshimi se me dat\u00eb 14 shkurt 2021, n\u00eb Tiran\u00eb Republika e Shqip\u00ebris\u00eb, tani i d\u00ebnuari Th. S. (futbollist) n\u00eb sht\u00ebpin\u00eb e tyre t\u00eb p\u00ebrbashk\u00ebt i ka shkaktuar l\u00ebndime trupore t\u00eb d\u00ebmtuar\u00ebs E. P., me \u00e7ka ka kryer vepr\u00ebn penale \u201cdhun\u00eb n\u00eb familje\u201d nga neni 130\/A\/1 t\u00eb Kodit Penal t\u00eb Shqip\u00ebris\u00eb, p\u00ebr t\u00eb cil\u00ebn vep\u00ebr \u00ebsht\u00eb gjykuar me 11 muaj e 6 dit\u00eb burgim.<\/p>\n<p>Gjyqtari i procedur\u00ebs paraprake ka vler\u00ebsuar k\u00ebrkes\u00ebn e Prokuroris\u00eb Themelore n\u00eb Gjilan, p\u00ebr caktimin e mas\u00ebs s\u00eb paraburgimit ndaj t\u00eb pandehurit Th. S. dhe arsyet p\u00ebr caktimin e mas\u00ebs s\u00eb paraburgimit jan\u00eb t\u00eb bazuara.<\/p>\n<p>Sipas, vler\u00ebsimit t\u00eb gjyqtarit n\u00eb k\u00ebt\u00eb \u00e7\u00ebshtje penale dyshimin e bazuar e arsyetojn\u00eb t\u00eb gjith\u00eb provat materiale t\u00eb cilat i jan\u00eb bashkangjitur urdh\u00ebr arrestit nd\u00ebrkomb\u00ebtar, leja e q\u00ebndrimit e l\u00ebshuar nga Republik\u00ebs e Kosov\u00ebs, dokumentacioni lidhur me identifikimin e t\u00eb d\u00ebnuarit, gjithashtu duke pasur parasysh faktin se n\u00eb rastin konkret i d\u00ebnuari mund t\u00eb arratiset meq\u00eb i nj\u00ebjti fillimisht \u00ebsht\u00eb arratisur nga shteti ku e ka kryer vepr\u00ebn penale dhe se i nj\u00ebjti pas arratisjes nga Shqip\u00ebria \u00ebsht\u00eb vendosur n\u00eb Kosov\u00eb, ku me dat\u00eb 17 tetor 2022 ka marr leje q\u00ebndrim me vendbanim n\u00eb Prishtin\u00eb dhe nga shkresat e l\u00ebnd\u00ebs i nj\u00ebjti ka shtet\u00ebsi t\u00eb Nigeris\u00eb, rrethana k\u00ebto t\u00eb mjaftueshme se po t\u00eb gjendet n\u00eb liri mund t\u00eb jet\u00eb i pakapsh\u00ebm p\u00ebr organet e drejt\u00ebsis\u00eb, thuhet n\u00eb njoftim.<\/p>\n","protected":false},"excerpt":{"rendered":"<p>Gjykata Themelore n\u00eb Gjilan ka aprovuar k\u00ebrkes\u00ebn e Prokuroris\u00eb Themelore t\u00eb Gjilanit, duke i caktuar mas\u00ebn e paraburgimit prej 40 (kat\u00ebrdhjet\u00eb) dit\u00eb t\u00eb pandehurit Th. S. Ekziston dyshimi se me dat\u00eb 14 shkurt 2021, n\u00eb Tiran\u00eb Republika e Shqip\u00ebris\u00eb, tani i d\u00ebnuari Th. S. (futbollist) n\u00eb sht\u00ebpin\u00eb e tyre t\u00eb p\u00ebrbashk\u00ebt i ka shkaktuar l\u00ebndime [&hellip;]<\/p>\n","protected":false},"author":1,"featured_media":143445,"comment_status":"closed","ping_status":"closed","sticky":false,"template":"","format":"standard","meta":{"footnotes":""},"categories":[117],"tags":[],"class_list":{"0":"post-143444","1":"post","2":"type-post","3":"status-publish","4":"format-standard","5":"has-post-thumbnail","7":"category-gjykata"},"_links":{"self":[{"href":"https:\/\/radiostargjilan.com\/web\/wp-json\/wp\/v2\/posts\/143444","targetHints":{"allow":["GET"]}}],"collection":[{"href":"https:\/\/radiostargjilan.com\/web\/wp-json\/wp\/v2\/posts"}],"about":[{"href":"https:\/\/radiostargjilan.com\/web\/wp-json\/wp\/v2\/types\/post"}],"author":[{"embeddable":true,"href":"https:\/\/radiostargjilan.com\/web\/wp-json\/wp\/v2\/users\/1"}],"replies":[{"embeddable":true,"href":"https:\/\/radiostargjilan.com\/web\/wp-json\/wp\/v2\/comments?post=143444"}],"version-history":[{"count":0,"href":"https:\/\/radiostargjilan.com\/web\/wp-json\/wp\/v2\/posts\/143444\/revisions"}],"wp:featuredmedia":[{"embeddable":true,"href":"https:\/\/radiostargjilan.com\/web\/wp-json\/wp\/v2\/media\/143445"}],"wp:attachment":[{"href":"https:\/\/radiostargjilan.com\/web\/wp-json\/wp\/v2\/media?parent=143444"}],"wp:term":[{"taxonomy":"category","embeddable":true,"href":"https:\/\/radiostargjilan.com\/web\/wp-json\/wp\/v2\/categories?post=143444"},{"taxonomy":"post_tag","embeddable":true,"href":"https:\/\/radiostargjilan.com\/web\/wp-json\/wp\/v2\/tags?post=143444"}],"curies":[{"name":"wp","href":"https:\/\/api.w.org\/{rel}","templated":true}]}}