{"id":143593,"date":"2023-02-28T18:55:39","date_gmt":"2023-02-28T17:55:39","guid":{"rendered":"https:\/\/radiostargjilan.com\/web\/?p=143593"},"modified":"2023-02-28T18:55:39","modified_gmt":"2023-02-28T17:55:39","slug":"termet-ne-shqiperi-4","status":"publish","type":"post","link":"https:\/\/radiostargjilan.com\/web\/termet-ne-shqiperi-4\/","title":{"rendered":"T\u00ebrmet n\u00eb Shqip\u00ebri"},"content":{"rendered":"<p>Nj\u00eb t\u00ebrmet ka goditur para pak minutash Shqip\u00ebrin\u00eb.<br \/>\nSipas Qendr\u00ebs Evropiane p\u00ebr Monitorimin e T\u00ebrmeteve, goditjet ishin t\u00eb shkall\u00ebs 4.2 ball\u00eb.<\/p>\n<p>Epiqendra e t\u00ebrmetit ishte 24 kilometra n\u00eb jug-lindje t\u00eb Elbasanit.<\/p>\n<p>Thell\u00ebsia e goditjes ishte 10 kilometra.<\/p>\n<p><a href=\"https:\/\/radiostargjilan.com\/web\/wp-content\/uploads\/2023\/02\/7193A3D0-7548-4811-B1E6-517F9CBC01D7.png\"><img loading=\"lazy\" loading=\"lazy\" decoding=\"async\" src=\"https:\/\/radiostargjilan.com\/web\/wp-content\/uploads\/2023\/02\/7193A3D0-7548-4811-B1E6-517F9CBC01D7.png\" alt=\"\" width=\"971\" height=\"483\" class=\"alignnone size-full wp-image-143594\" srcset=\"https:\/\/radiostargjilan.com\/web\/wp-content\/uploads\/2023\/02\/7193A3D0-7548-4811-B1E6-517F9CBC01D7.png 971w, https:\/\/radiostargjilan.com\/web\/wp-content\/uploads\/2023\/02\/7193A3D0-7548-4811-B1E6-517F9CBC01D7-300x149.png 300w, https:\/\/radiostargjilan.com\/web\/wp-content\/uploads\/2023\/02\/7193A3D0-7548-4811-B1E6-517F9CBC01D7-768x382.png 768w, https:\/\/radiostargjilan.com\/web\/wp-content\/uploads\/2023\/02\/7193A3D0-7548-4811-B1E6-517F9CBC01D7-860x428.png 860w\" sizes=\"auto, (max-width: 971px) 100vw, 971px\" \/><\/a><\/p>\n","protected":false},"excerpt":{"rendered":"<p>Nj\u00eb t\u00ebrmet ka goditur para pak minutash Shqip\u00ebrin\u00eb. Sipas Qendr\u00ebs Evropiane p\u00ebr Monitorimin e T\u00ebrmeteve, goditjet ishin t\u00eb shkall\u00ebs 4.2 ball\u00eb. Epiqendra e t\u00ebrmetit ishte 24 kilometra n\u00eb jug-lindje t\u00eb Elbasanit. Thell\u00ebsia e goditjes ishte 10 kilometra.<\/p>\n","protected":false},"author":1,"featured_media":142147,"comment_status":"closed","ping_status":"closed","sticky":false,"template":"","format":"standard","meta":{"footnotes":""},"categories":[5],"tags":[],"class_list":{"0":"post-143593","1":"post","2":"type-post","3":"status-publish","4":"format-standard","5":"has-post-thumbnail","7":"category-lajme"},"_links":{"self":[{"href":"https:\/\/radiostargjilan.com\/web\/wp-json\/wp\/v2\/posts\/143593","targetHints":{"allow":["GET"]}}],"collection":[{"href":"https:\/\/radiostargjilan.com\/web\/wp-json\/wp\/v2\/posts"}],"about":[{"href":"https:\/\/radiostargjilan.com\/web\/wp-json\/wp\/v2\/types\/post"}],"author":[{"embeddable":true,"href":"https:\/\/radiostargjilan.com\/web\/wp-json\/wp\/v2\/users\/1"}],"replies":[{"embeddable":true,"href":"https:\/\/radiostargjilan.com\/web\/wp-json\/wp\/v2\/comments?post=143593"}],"version-history":[{"count":0,"href":"https:\/\/radiostargjilan.com\/web\/wp-json\/wp\/v2\/posts\/143593\/revisions"}],"wp:featuredmedia":[{"embeddable":true,"href":"https:\/\/radiostargjilan.com\/web\/wp-json\/wp\/v2\/media\/142147"}],"wp:attachment":[{"href":"https:\/\/radiostargjilan.com\/web\/wp-json\/wp\/v2\/media?parent=143593"}],"wp:term":[{"taxonomy":"category","embeddable":true,"href":"https:\/\/radiostargjilan.com\/web\/wp-json\/wp\/v2\/categories?post=143593"},{"taxonomy":"post_tag","embeddable":true,"href":"https:\/\/radiostargjilan.com\/web\/wp-json\/wp\/v2\/tags?post=143593"}],"curies":[{"name":"wp","href":"https:\/\/api.w.org\/{rel}","templated":true}]}}