{"id":143603,"date":"2023-02-28T20:48:20","date_gmt":"2023-02-28T19:48:20","guid":{"rendered":"https:\/\/radiostargjilan.com\/web\/?p=143603"},"modified":"2023-02-28T20:48:20","modified_gmt":"2023-02-28T19:48:20","slug":"limaj-kurti-do-te-mbahet-pergjegjes-pranoi-marreveshje-pa-njohje-me-asociacion-ne-qender","status":"publish","type":"post","link":"https:\/\/radiostargjilan.com\/web\/limaj-kurti-do-te-mbahet-pergjegjes-pranoi-marreveshje-pa-njohje-me-asociacion-ne-qender\/","title":{"rendered":"Limaj: Kurti do t\u00eb mbahet p\u00ebrgjegj\u00ebs, pranoi marr\u00ebveshje pa njohje me Asociacion n\u00eb qend\u00ebr"},"content":{"rendered":"<p>\u201cKthim dometh\u00ebn\u00ebs mbrapa p\u00ebr t\u00eb cilin Kryeministri Albin Kurti do t\u00eb mbahet p\u00ebrgjegj\u00ebs\u201d. K\u00ebshtu vler\u00ebsoi Kryetari i Nism\u00ebs Socialdemokrate, Fatmir Limaj, n\u00eb nj\u00eb reagim ndaj takimit t\u00eb djesh\u00ebm t\u00eb Nivelit t\u00eb Lart\u00eb n\u00eb Brukse\u00eb, ku Kryeministri i Kosov\u00ebs, Albin Kurti, pranoi n\u00eb plot\u00ebni plan-propozimin evropian p\u00ebr normalizim t\u00eb marr\u00ebdh\u00ebnieve Kosov\u00eb-Serbi pa njohje juridike t\u00eb nd\u00ebrsjell\u00eb dhe me pajtimin e dh\u00ebnies s\u00eb nj\u00eb \u201cniveli t\u00eb duhur t\u00eb vet\u00ebmenaxhimit\u201d p\u00ebr serb\u00ebt e Kosov\u00ebs si dhe zbatimin e marr\u00ebveshjeve parprake, p\u00ebrfshir\u00eb Asociacionin e Komunave me Shumic\u00eb Serbe.<\/p>\n<p>\u201cTashm\u00eb \u00ebsht\u00eb zyrtare, kryeministri Albin Kurti ka pranuar marr\u00ebveshjen q\u00eb n\u00eb QEND\u00cbR t\u00eb saj ka Asociacionin e Komunave me Shumic\u00eb Serbe pa njohje formale t\u00eb shtetit t\u00eb Kosov\u00ebs nga ana e Serbis\u00eb\u201d, shkroi Limaj.<\/p>\n<p>\u201cPlani 11 pik\u00ebsh p\u00ebr t\u00eb cilin Kurti tha se ishte i gatsh\u00ebm ta n\u00ebnshkruaj menj\u00ebher\u00eb, e b\u00ebn t\u00eb qart\u00eb q\u00eb Kosova do t\u00eb zbatoj\u00eb t\u00eb gjitha marr\u00ebveshjet e arritura n\u00eb procesin e dialogut!\u201d<\/p>\n<p>\u201cP\u00ebr ve\u00e7 k\u00ebsaj, bazuar n\u00eb pik\u00ebn 7-t\u00eb t\u00eb marr\u00ebveshjes, kuptojm\u00eb q\u00eb kryeminstri Albin Kurti ka pranuar q\u00eb p\u00ebrve\u00e7 themelimin e Asociacionit t\u00eb Komunave me Shumic\u00eb Serbe t\u00eb krijoj\u00eb edhe nj\u00eb mekaniz\u00ebm shtes\u00eb, p\u00ebr si\u00e7 thuhet. \u201cp\u00ebr t\u00eb siguruar nj\u00eb nivel t\u00eb duhur t\u00eb vet\u00eb-menaxhimit p\u00ebr komunitetin serb n\u00eb Kosov\u00eb!\u201d, shkroi mes tjerash Fatmir Limaj.<\/p>\n","protected":false},"excerpt":{"rendered":"<p>\u201cKthim dometh\u00ebn\u00ebs mbrapa p\u00ebr t\u00eb cilin Kryeministri Albin Kurti do t\u00eb mbahet p\u00ebrgjegj\u00ebs\u201d. K\u00ebshtu vler\u00ebsoi Kryetari i Nism\u00ebs Socialdemokrate, Fatmir Limaj, n\u00eb nj\u00eb reagim ndaj takimit t\u00eb djesh\u00ebm t\u00eb Nivelit t\u00eb Lart\u00eb n\u00eb Brukse\u00eb, ku Kryeministri i Kosov\u00ebs, Albin Kurti, pranoi n\u00eb plot\u00ebni plan-propozimin evropian p\u00ebr normalizim t\u00eb marr\u00ebdh\u00ebnieve Kosov\u00eb-Serbi pa njohje juridike t\u00eb nd\u00ebrsjell\u00eb [&hellip;]<\/p>\n","protected":false},"author":1,"featured_media":143604,"comment_status":"closed","ping_status":"closed","sticky":false,"template":"","format":"standard","meta":{"footnotes":""},"categories":[5],"tags":[],"class_list":{"0":"post-143603","1":"post","2":"type-post","3":"status-publish","4":"format-standard","5":"has-post-thumbnail","7":"category-lajme"},"_links":{"self":[{"href":"https:\/\/radiostargjilan.com\/web\/wp-json\/wp\/v2\/posts\/143603","targetHints":{"allow":["GET"]}}],"collection":[{"href":"https:\/\/radiostargjilan.com\/web\/wp-json\/wp\/v2\/posts"}],"about":[{"href":"https:\/\/radiostargjilan.com\/web\/wp-json\/wp\/v2\/types\/post"}],"author":[{"embeddable":true,"href":"https:\/\/radiostargjilan.com\/web\/wp-json\/wp\/v2\/users\/1"}],"replies":[{"embeddable":true,"href":"https:\/\/radiostargjilan.com\/web\/wp-json\/wp\/v2\/comments?post=143603"}],"version-history":[{"count":0,"href":"https:\/\/radiostargjilan.com\/web\/wp-json\/wp\/v2\/posts\/143603\/revisions"}],"wp:featuredmedia":[{"embeddable":true,"href":"https:\/\/radiostargjilan.com\/web\/wp-json\/wp\/v2\/media\/143604"}],"wp:attachment":[{"href":"https:\/\/radiostargjilan.com\/web\/wp-json\/wp\/v2\/media?parent=143603"}],"wp:term":[{"taxonomy":"category","embeddable":true,"href":"https:\/\/radiostargjilan.com\/web\/wp-json\/wp\/v2\/categories?post=143603"},{"taxonomy":"post_tag","embeddable":true,"href":"https:\/\/radiostargjilan.com\/web\/wp-json\/wp\/v2\/tags?post=143603"}],"curies":[{"name":"wp","href":"https:\/\/api.w.org\/{rel}","templated":true}]}}