{"id":144348,"date":"2023-03-10T11:25:03","date_gmt":"2023-03-10T10:25:03","guid":{"rendered":"https:\/\/radiostargjilan.com\/web\/?p=144348"},"modified":"2023-03-10T11:25:03","modified_gmt":"2023-03-10T10:25:03","slug":"prokuroria-kerkon-denimin-e-kryetarit-te-ffk-se-agim-ademi-dhe-muharrem-rames-mbrojtja-lirimin-e-tyre","status":"publish","type":"post","link":"https:\/\/radiostargjilan.com\/web\/prokuroria-kerkon-denimin-e-kryetarit-te-ffk-se-agim-ademi-dhe-muharrem-rames-mbrojtja-lirimin-e-tyre\/","title":{"rendered":"Prokuroria k\u00ebrkon d\u00ebnimin e kryetarit t\u00eb FFK-s\u00eb, Agim Ademi dhe Muharrem Ram\u00ebs, mbrojtja lirimin e tyre"},"content":{"rendered":"<p>Prishtin\u00eb- T\u00eb premten, n\u00eb Gjykat\u00ebn Themelore t\u00eb Prishtin\u00ebs \u00ebsht\u00eb dh\u00ebn\u00eb fjala p\u00ebrfundimtare n\u00eb rastin ku kryetari i Federat\u00ebs s\u00eb Futbollit t\u00eb Kosov\u00ebs (FFK), Agim Ademi dhe Muharrem Rama akuzohen se m\u00eb 2012 kishin k\u00ebrc\u00ebnuar dhe sulmuar t\u00eb d\u00ebmtuarin Dritro Kadolli, duke i k\u00ebrkuar t\u00eb jap\u00eb 30 mij\u00eb euro ose nj\u00eb \u201cBMW X5\u201d.<\/p>\n<p>Fillimisht prokurorja Eliza Bajrami tha se q\u00ebndron n\u00eb t\u00ebr\u00ebsi pran\u00eb fjal\u00ebs p\u00ebrfundimtare t\u00eb dh\u00ebn\u00eb  me 18 maj t\u00eb vitit 2019, duke i propozuar gjykat\u00ebs q\u00eb pas administrimit t\u00eb provave dy t\u00eb akuzuarit Ademi dhe Rama t\u2019i d\u00ebnoj sipas ligjit, raporton \u201cBetimi p\u00ebr Drejt\u00ebsi\u201d.<\/p>\n<p>Tutje, prokurorja Bajrami tha se pa m\u00ebdyshje t\u00eb akuzuarit Ademi dhe Rama kan\u00eb kryer vepr\u00ebn penale p\u00ebr t\u00eb cil\u00ebn akuzohen pasi q\u00eb sipas saj, t\u00ebr\u00eb veprimet e nd\u00ebrmarra nga t\u00eb akuzuarit plot\u00ebsojn\u00eb figur\u00ebn e vepr\u00ebs penale p\u00ebr t\u00eb cil\u00ebn ngarkohen.<\/p>\n<p>Nd\u00ebrkaq, avokati i t\u00eb akuzuarit Ademi Fis Murati fillimisht fjal\u00ebn p\u00ebrfundimtare e dor\u00ebzoi me shkrim duke e elaboruar shkurtimisht, duke th\u00ebn\u00eb se akuza \u00ebsht\u00eb nxjerre n\u00eb kund\u00ebrshtim me dispozitat materiale dhe formale.<\/p>\n<p>Avokati Murati shtoi se ndjekja p\u00ebr vepr\u00ebn penale \u201cDetyrimit\u201d \u00ebsht\u00eb parashkruar me 12 shtator t\u00eb vitit 2022 dhe se p\u00ebr vepr\u00ebn penale q\u00eb akuzohet klienti tij sipas Kodit t\u00eb P\u00ebrkohsh\u00ebm Penal k\u00ebrkon s\u00eb paku tre persona p\u00ebr ta kryer t\u00eb nj\u00ebjt\u00ebn e q\u00eb n\u00eb rastin konkret kemi vet\u00ebm dy t\u00eb akuzuar.<\/p>\n<p>I nj\u00ebjti i propozoj\u00eb gjykat\u00ebs q\u00eb t\u00eb akuzuarin Ademi ta liroj\u00eb nga aktakuza.<\/p>\n<p>Fjal\u00ebn p\u00ebrfundimtare me shkrim e dor\u00ebzoj\u00eb edhe avokati i t\u00eb akuzuarit Rama, Ramiz Krasniqi, i cili shkurtimisht tha n\u00eb k\u00ebt\u00eb rast mungon elementi thelb\u00ebsor i vepr\u00ebs penale p\u00ebr \u00e7ka ngarkohet i akuzuari Rama dhe ky element sipas tij, \u00ebsht\u00eb mungesa e grupit p\u00ebr kryerjen e vepr\u00ebs penale.<\/p>\n<p>Sipas avokatit Krasniqi, meqen\u00ebse nuk ka vep\u00ebr penale, sepse nuk ka grup p\u00ebr kryerjen vepr\u00ebs penale me t\u00eb cil\u00ebn t\u00eb akuzuarit ngarkohen nga prokurorja dhe fakti se \u00ebsht\u00eb parashkruar ndjekja penale, i propozoj\u00eb gjykat\u00ebs q\u00eb t\u00eb nxjerr aktgjykim lirues.<\/p>\n<p>\u201cPrandaj, mbetem pran\u00eb fjal\u00ebs q\u00eb keni me shkrim, propozoj aktgjykim lirues sepse i kemi vet\u00ebm 2 persona dhe p\u00ebr paragrafi 1 \u00ebsht\u00eb parashkruar vepra penale\u2019, deklaroi avokati Krasniqi.<\/p>\n<p>Pasi q\u00eb u dha edhe fjala p\u00ebrfundimtare shqyrtimi gjyq\u00ebsore u shpall\u00eb i p\u00ebrfunduar nga gjykat\u00ebsi Sabit Sadikaj dhe shpallja e aktgjykimi u caktua me 15 mars t\u00eb k\u00ebtij viti.<\/p>\n<p>Paraprakisht n\u00eb k\u00ebt\u00eb seanc\u00eb jan\u00eb administruar si prova materiale si \u201cLajm\u00ebrimi n\u00eb polici i Muharem Ram\u00ebs me 6 tetor 2022\u201d, \u2018Mesazhi k\u00ebrc\u00ebnues i dat\u00ebs 6 tetor 2022\u201d dhe \u201cRaporti i Agjencis\u00eb s\u00eb Forenzik\u00ebs i dat\u00ebs 27 dhjetor 2022\u201d.<\/p>\n<p>T\u00eb akuzuarit Ademi dhe Rama, m\u00eb 7 n\u00ebntor 2022 n\u00eb seanc\u00ebn e rigjykimit ishin deklaruar t\u00eb pafajsh\u00ebm lidhur me akuz\u00ebn q\u00eb iu vihet barr\u00eb.<\/p>\n<p>Nj\u00eb tentativ\u00eb p\u00ebr fillimin e rigjykimit ishte b\u00ebr\u00eb m\u00eb 24 mars 2021 kur ishte caktuar nj\u00eb seanc\u00eb p\u00ebr k\u00ebt\u00eb rast, por ajo seanc\u00eb kishte d\u00ebshtuar t\u00eb mbahet p\u00ebr shkak t\u00eb munges\u00ebs s\u00eb t\u00eb akuzuarve. <\/p>\n<p>P\u00ebr shkak se \u00ebsht\u00eb parashkruar vepra penale e ushtrimit t\u00eb ndikimit, p\u00ebr t\u00eb cil\u00ebn edhe ishte shpallur aktgjykim refuzues n\u00eb korrik t\u00eb 2019-\u00ebs, l\u00ebnda tani ka kaluar n\u00eb Departamentin e P\u00ebrgjithsh\u00ebm t\u00eb Gjykat\u00ebs Themelore n\u00eb Prishtin\u00eb.<\/p>\n<p>Kjo l\u00ebnd\u00eb, fillimisht kur ishte kthyer n\u00eb rigjykim ka qen\u00eb duke u gjykuar n\u00eb Departamentin p\u00ebr Krime t\u00eb R\u00ebnda nga gjykat\u00ebsja Medie Bytyqi, e kjo e fundit p\u00ebr \u201cBetimi p\u00ebr Drejt\u00ebsi\u201d po ashtu kishte pohuar se kjo l\u00ebnd\u00eb tanim\u00eb ka kaluar Departamentin e P\u00ebrgjithsh\u00ebm.<\/p>\n<p>Ndryshe, aktakuza ndaj Ram\u00ebs dhe Ademit ishte ngritur m\u00eb 14 janar 2014, nga prokurori i EULEX-it, Maarten Groothuizen dhe prokurori i Prokuroris\u00eb Themelore n\u00eb Prishtin\u00eb, Ilaz Beqiri.<\/p>\n<p>Sipas pik\u00ebs s\u00eb par\u00eb t\u00eb aktakuz\u00ebs, Ademi dhe Rama akuzohen se gjat\u00eb periudh\u00ebs kohore 12 korrik \u2013 12 shtator 2012, me q\u00ebllim t\u00eb p\u00ebrfitimit material e kishin k\u00ebrc\u00ebnuar dhe sulmuar viktim\u00ebn Drit\u00ebro Kadolli, duke e detyruar t\u00eb nj\u00ebjtin t\u00eb b\u00ebj\u00eb veprime n\u00eb d\u00ebm t\u00eb pasuris\u00eb s\u00eb tij, respektivisht t\u00eb b\u00ebjn\u00eb p\u00ebrfitim t\u00eb padrejt\u00eb n\u00eb shum\u00ebn prej 30 mij\u00eb euro, apo nj\u00eb vetur\u00eb t\u00eb tipit \u201cBM\u00cb X5\u201d.<\/p>\n<p>Kjo vetur\u00eb, sipas prokuroris\u00eb, pretendohej m\u00eb pas t\u2019i dor\u00ebzohej Sami Hamitit, ish-kryesues i Asambles\u00eb Komunale t\u00eb Prishtin\u00ebs, duke kryer vepr\u00ebn penale detyrimi n\u00eb bashk\u00ebkryerje.<\/p>\n<p>Nd\u00ebrkaq, n\u00eb pik\u00ebn e dyt\u00eb t\u00eb aktakuz\u00ebs, Ademi dhe Rama akuzoheshin p\u00ebr ushtrim t\u00eb ndikimit n\u00eb bashk\u00ebkryerje.<\/p>\n<p>Sipas aktakuz\u00ebs, dy t\u00eb akuzuarit kishin k\u00ebrkuar nga i d\u00ebmtuari Kadolli premtimin e p\u00ebrfitimit t\u00eb padrejt\u00eb, respektivisht shum\u00ebn prej 30 mij\u00eb euro apo vetur\u00ebn e tipit \u201cBM\u00cb X5\u201d, duke k\u00ebrkuar n\u00eb lidhje me ushtrimin e ndikimit jo t\u00eb duhur t\u00eb tyre n\u00eb vendimmarrjen e nj\u00eb personi zyrtar q\u00eb n\u00eb k\u00ebt\u00eb rast ishte ish-kryesuesi i Asambles\u00eb Komunale n\u00eb Prishtin\u00eb, Sami Hamiti, q\u00eb t\u00eb ndryshoj\u00eb statusin e nj\u00eb ngastre toke nga \u201czon\u00eb e gjelb\u00ebruar\u201d n\u00eb \u201czon\u00eb nd\u00ebrtimore\u201d.<\/p>\n<p>Gjykata Themelore n\u00eb Prishtin\u00eb, m\u00eb 5 korrik 2019, i kishte shpallur fajtor\u00eb Ademin dhe Ram\u00ebn p\u00ebr vepr\u00ebn penale detyrim n\u00eb tentativ\u00eb.<\/p>\n<p>Ademi ishte d\u00ebnuar nga shkalla e par\u00eb me n\u00ebnt\u00eb muaj burg efektiv, kurse Rama me nj\u00eb vit burg efektiv.<\/p>\n<p>N\u00eb k\u00ebto d\u00ebnime, t\u00eb akuzuarve ishte vendosur t\u2019iu llogaritet edhe koha e kaluar n\u00eb paraburgim nga 12 shtatori deri m\u00eb 2 n\u00ebntor 2012. Kurse, p\u00ebr vepr\u00ebn penale t\u00eb ushtrimit t\u00eb ndikimit, ishte shpallur aktgjykim refuzues p\u00ebr shkak t\u00eb parashkrimit t\u00eb k\u00ebsaj vepre.<\/p>\n<p>N\u00eb shkurt t\u00eb vitit 2020, Gjykata e Apelit i kishte refuzuar ankesat e t\u00eb akuzuarve dhe i kishte l\u00ebn\u00eb n\u00eb fuqi d\u00ebnimet e shqiptuara nga shkalla e par\u00eb.<\/p>\n<p>Mir\u00ebpo, t\u00eb pak\u00ebnaqur me k\u00ebto aktgjykime, mbrojt\u00ebsit e t\u00eb akuzuarve i ishin drejtuar me k\u00ebrkes\u00eb p\u00ebr mbrojtje t\u00eb ligjshm\u00ebris\u00eb Gjykat\u00ebs Supreme.<\/p>\n<p>Lidhur me k\u00ebt\u00eb k\u00ebrkes\u00eb, Supremja n\u00eb korrik t\u00eb vitit 2020 ka vendosur q\u00eb t\u2019i aprovoj\u00eb si t\u00eb bazuara t\u00eb nj\u00ebjtat dhe l\u00ebnd\u00ebn e ka kthyer n\u00eb rigjykim n\u00eb shkall\u00ebn e par\u00eb.<\/p>\n<p>\u201cKolegji i Gjykat\u00ebs Supreme, duke vendosur p\u00ebrkitazi me k\u00ebrkes\u00ebn p\u00ebr mbrojtje t\u00eb ligjshm\u00ebris\u00eb t\u00eb mbrojt\u00ebsit t\u00eb d\u00ebnuarit M.R. avokatit R.K., dhe at\u00eb t\u00eb t\u00eb d\u00ebnuarit A.A., paraqitur kund\u00ebr aktgjykimit t\u00eb form\u00ebs s\u00eb prer\u00eb t\u00eb Gjykat\u00ebs Themelore n\u00eb Prishtin\u00eb \u2013 Departamenti i Krimeve t\u00eb R\u00ebnda, PKR.nr.51\/2014 i dat\u00eb 5 korrik 2019 n\u00eb seanc\u00ebn e kolegjit t\u00eb mbajtur me 15 korrik 2020, aprovoi si t\u00eb bazuara k\u00ebto dy k\u00ebrkesa, kurse aktgjykimin e Gjykat\u00ebs Themelore n\u00eb Prishtin\u00eb \u2013 Departamenti i Krimeve t\u00eb R\u00ebnda, PKR.nr.51\/2014 t\u00eb dat\u00ebs 5 korrik 2019 dhe at\u00eb t\u00eb Gjykat\u00ebs s\u00eb Apelit t\u00eb Kosov\u00ebs PAKR.nr.504\/2019 t\u00eb dat\u00ebs 12 shkurt 2020, i anuloi, kurse \u00e7\u00ebshtjen ia ktheu gjykat\u00ebs s\u00eb shkall\u00ebs s\u00eb par\u00eb, n\u00eb rigjykim\u201d, thuhej n\u00eb njoftimin e Gjykat\u00ebs Supreme. \/Betimip\u00ebrDrejt\u00ebsi<\/p>\n<p>Sh\u00ebnim: Personat e p\u00ebrmendur ne\u0308 k\u00ebt\u00eb artikull konsiderohen te\u0308 pafajsh\u00ebm, p\u00ebrve\u00e7\u0327 n\u00ebse nga gjykata v\u00ebrtetohet se jan\u00eb fajtore\u0308 me vendim te\u0308 form\u00ebs se\u0308 prere\u0308.<\/p>\n","protected":false},"excerpt":{"rendered":"<p>Prishtin\u00eb- T\u00eb premten, n\u00eb Gjykat\u00ebn Themelore t\u00eb Prishtin\u00ebs \u00ebsht\u00eb dh\u00ebn\u00eb fjala p\u00ebrfundimtare n\u00eb rastin ku kryetari i Federat\u00ebs s\u00eb Futbollit t\u00eb Kosov\u00ebs (FFK), Agim Ademi dhe Muharrem Rama akuzohen se m\u00eb 2012 kishin k\u00ebrc\u00ebnuar dhe sulmuar t\u00eb d\u00ebmtuarin Dritro Kadolli, duke i k\u00ebrkuar t\u00eb jap\u00eb 30 mij\u00eb euro ose nj\u00eb \u201cBMW X5\u201d. Fillimisht prokurorja Eliza [&hellip;]<\/p>\n","protected":false},"author":1,"featured_media":144349,"comment_status":"closed","ping_status":"closed","sticky":false,"template":"","format":"standard","meta":{"footnotes":""},"categories":[117],"tags":[],"class_list":{"0":"post-144348","1":"post","2":"type-post","3":"status-publish","4":"format-standard","5":"has-post-thumbnail","7":"category-gjykata"},"_links":{"self":[{"href":"https:\/\/radiostargjilan.com\/web\/wp-json\/wp\/v2\/posts\/144348","targetHints":{"allow":["GET"]}}],"collection":[{"href":"https:\/\/radiostargjilan.com\/web\/wp-json\/wp\/v2\/posts"}],"about":[{"href":"https:\/\/radiostargjilan.com\/web\/wp-json\/wp\/v2\/types\/post"}],"author":[{"embeddable":true,"href":"https:\/\/radiostargjilan.com\/web\/wp-json\/wp\/v2\/users\/1"}],"replies":[{"embeddable":true,"href":"https:\/\/radiostargjilan.com\/web\/wp-json\/wp\/v2\/comments?post=144348"}],"version-history":[{"count":0,"href":"https:\/\/radiostargjilan.com\/web\/wp-json\/wp\/v2\/posts\/144348\/revisions"}],"wp:featuredmedia":[{"embeddable":true,"href":"https:\/\/radiostargjilan.com\/web\/wp-json\/wp\/v2\/media\/144349"}],"wp:attachment":[{"href":"https:\/\/radiostargjilan.com\/web\/wp-json\/wp\/v2\/media?parent=144348"}],"wp:term":[{"taxonomy":"category","embeddable":true,"href":"https:\/\/radiostargjilan.com\/web\/wp-json\/wp\/v2\/categories?post=144348"},{"taxonomy":"post_tag","embeddable":true,"href":"https:\/\/radiostargjilan.com\/web\/wp-json\/wp\/v2\/tags?post=144348"}],"curies":[{"name":"wp","href":"https:\/\/api.w.org\/{rel}","templated":true}]}}