{"id":144670,"date":"2023-03-15T20:55:07","date_gmt":"2023-03-15T19:55:07","guid":{"rendered":"https:\/\/radiostargjilan.com\/web\/?p=144670"},"modified":"2023-03-15T20:55:07","modified_gmt":"2023-03-15T19:55:07","slug":"alarmante-per-dy-muaj-nga-kosova-u-larguan-52-mjeke","status":"publish","type":"post","link":"https:\/\/radiostargjilan.com\/web\/alarmante-per-dy-muaj-nga-kosova-u-larguan-52-mjeke\/","title":{"rendered":"Alarmante: P\u00ebr dy muaj, nga Kosova u larguan 52 mjek\u00eb"},"content":{"rendered":"<p>Trendi i ikjes s\u00eb mjek\u00ebve dhe infermier\u00ebve nga Kosova po vazhdon \u00e7do dit\u00eb.<\/p>\n<p>Pagat e ul\u00ebta, kushtet e pun\u00ebs e mungesa e specializimeve thuhet se jan\u00eb faktor\u00ebt kryesor\u00eb t\u00eb ikjes s\u00eb pun\u00ebtor\u00ebve sh\u00ebndet\u00ebsor\u00eb nga vendi.<\/p>\n<p>Shifra alarmante jan\u00eb sh\u00ebnuar nga ikja e mjek\u00ebve edhe deri m\u00eb tani n\u00eb k\u00ebt\u00eb vit.<\/p>\n<p>\u201c52 mjek\u00eb gjat\u00eb vitit 2023 jan\u00eb larguar nga puna p\u00ebr t\u00eb shkuar jasht\u00eb vendit\u201d.<\/p>\n<p>K\u00ebshtu ka b\u00ebr\u00eb t\u00eb ditur p\u00ebr Front Online kreu i Od\u00ebs s\u00eb Mjek\u00ebve, Pleurat Sejdiu.<\/p>\n<p>Nj\u00ebra nd\u00ebr arsyet e ikjes s\u00eb mjek\u00ebve, sipas Sejdiut \u00ebsht\u00eb \u00e7\u00ebshtja e pagave.<\/p>\n<p>Ai ka th\u00ebn\u00eb se ka shum\u00eb arsyeje q\u00eb \u00e7ojn\u00eb profesionist\u00ebt deri n\u00eb largimin e vendit.<\/p>\n<p>\u201cArsyet e mjek\u00ebve jan\u00eb t\u00eb shumta q\u00eb po largohen nga vendi i pun\u00ebs p\u00ebr jasht\u00eb vendit. Vitin e kaluar p\u00ebrmes nj\u00eb sondazhi kan\u00eb qen\u00eb kushtet e pun\u00ebs, kualiteti i specializimeve dhe paga por k\u00ebt\u00eb vit ka ndryshuar ky sondash dhe \u00ebsht\u00eb arsyeja e par\u00eb \u00ebsht\u00eb mund\u00ebsia e pun\u00ebsimit e dyta \u00ebsht\u00eb \u00e7\u00ebshtja e pagave dhe e treta kushtet e pun\u00ebs\u201c, u shpreh Sejdiu.<\/p>\n<p>E fenomeni i largimit t\u00eb profesionist\u00ebve sh\u00ebndet\u00ebsor\u00eb nga sistemi sh\u00ebndet\u00ebsor publik i Kosov\u00ebs \u00ebsht\u00eb paraqitur tash e disa vite, ku mjek\u00ebt dhe infermier\u00ebt destinacionin kryesor p\u00ebr t\u00eb ushtruar profesionin e tyre e kishin Gjermanin\u00eb.<\/p>\n<p>N\u00eb Kosov\u00eb, paga e nj\u00eb mjeku specialist sipas Ligjit p\u00ebr Paga arrin n\u00eb 1260 euro bruto, p\u00ebrderisa n\u00eb Gjermani t\u00eb nj\u00ebjt\u00ebve po u ofrohen paga mbi 5000 euro dhe kushte shum\u00eb m\u00eb t\u00eb favorshme n\u00eb pun\u00eb.<\/p>\n","protected":false},"excerpt":{"rendered":"<p>Trendi i ikjes s\u00eb mjek\u00ebve dhe infermier\u00ebve nga Kosova po vazhdon \u00e7do dit\u00eb. Pagat e ul\u00ebta, kushtet e pun\u00ebs e mungesa e specializimeve thuhet se jan\u00eb faktor\u00ebt kryesor\u00eb t\u00eb ikjes s\u00eb pun\u00ebtor\u00ebve sh\u00ebndet\u00ebsor\u00eb nga vendi. Shifra alarmante jan\u00eb sh\u00ebnuar nga ikja e mjek\u00ebve edhe deri m\u00eb tani n\u00eb k\u00ebt\u00eb vit. \u201c52 mjek\u00eb gjat\u00eb vitit 2023 [&hellip;]<\/p>\n","protected":false},"author":1,"featured_media":144671,"comment_status":"closed","ping_status":"closed","sticky":false,"template":"","format":"standard","meta":{"footnotes":""},"categories":[3],"tags":[],"class_list":{"0":"post-144670","1":"post","2":"type-post","3":"status-publish","4":"format-standard","5":"has-post-thumbnail","7":"category-shendetesi"},"_links":{"self":[{"href":"https:\/\/radiostargjilan.com\/web\/wp-json\/wp\/v2\/posts\/144670","targetHints":{"allow":["GET"]}}],"collection":[{"href":"https:\/\/radiostargjilan.com\/web\/wp-json\/wp\/v2\/posts"}],"about":[{"href":"https:\/\/radiostargjilan.com\/web\/wp-json\/wp\/v2\/types\/post"}],"author":[{"embeddable":true,"href":"https:\/\/radiostargjilan.com\/web\/wp-json\/wp\/v2\/users\/1"}],"replies":[{"embeddable":true,"href":"https:\/\/radiostargjilan.com\/web\/wp-json\/wp\/v2\/comments?post=144670"}],"version-history":[{"count":0,"href":"https:\/\/radiostargjilan.com\/web\/wp-json\/wp\/v2\/posts\/144670\/revisions"}],"wp:featuredmedia":[{"embeddable":true,"href":"https:\/\/radiostargjilan.com\/web\/wp-json\/wp\/v2\/media\/144671"}],"wp:attachment":[{"href":"https:\/\/radiostargjilan.com\/web\/wp-json\/wp\/v2\/media?parent=144670"}],"wp:term":[{"taxonomy":"category","embeddable":true,"href":"https:\/\/radiostargjilan.com\/web\/wp-json\/wp\/v2\/categories?post=144670"},{"taxonomy":"post_tag","embeddable":true,"href":"https:\/\/radiostargjilan.com\/web\/wp-json\/wp\/v2\/tags?post=144670"}],"curies":[{"name":"wp","href":"https:\/\/api.w.org\/{rel}","templated":true}]}}