{"id":144890,"date":"2023-03-18T18:34:06","date_gmt":"2023-03-18T17:34:06","guid":{"rendered":"https:\/\/radiostargjilan.com\/web\/?p=144890"},"modified":"2023-03-18T18:34:06","modified_gmt":"2023-03-18T17:34:06","slug":"kurti-e-vuciqi-vazhdojne-bisedimet","status":"publish","type":"post","link":"https:\/\/radiostargjilan.com\/web\/kurti-e-vuciqi-vazhdojne-bisedimet\/","title":{"rendered":"Kurti e Vu\u00e7iqi vazhdojn\u00eb bisedimet"},"content":{"rendered":"<p>Takimi mes kryeministrit t\u00eb Kosov\u00ebs, Albin Kurti dhe presidentit t\u00eb Serbis\u00eb, Aleksandar Vu\u00e7iq po vazhdon ende.<\/p>\n<p>Burime t\u00eb teve1.info b\u00ebjn\u00eb t\u00eb ditur se m\u00eb her\u00ebt kishte informacione p\u00ebr p\u00ebrfundimin e takimit, por b\u00ebhej fjal\u00eb vet\u00ebm p\u00ebr nj\u00eb pauz\u00eb t\u00eb shkurt\u00ebr.<\/p>\n<p>Takimi n\u00eb Oh\u00ebr mes Kurtit dhe Vu\u00e7iqit po vazhdon n\u00ebn nd\u00ebrmjet\u00ebsimin e p\u00ebrfaq\u00ebsuesve evropian\u00eb.<\/p>\n<p>Pas takimit, p\u00ebrfaq\u00ebsuesi i lart\u00eb i BE-s\u00eb, Josep Borrell do t\u00eb ket\u00eb nj\u00eb konferenc\u00eb p\u00ebr media, p\u00ebr t\u00eb dh\u00ebn\u00eb detaje.<\/p>\n","protected":false},"excerpt":{"rendered":"<p>Takimi mes kryeministrit t\u00eb Kosov\u00ebs, Albin Kurti dhe presidentit t\u00eb Serbis\u00eb, Aleksandar Vu\u00e7iq po vazhdon ende. Burime t\u00eb teve1.info b\u00ebjn\u00eb t\u00eb ditur se m\u00eb her\u00ebt kishte informacione p\u00ebr p\u00ebrfundimin e takimit, por b\u00ebhej fjal\u00eb vet\u00ebm p\u00ebr nj\u00eb pauz\u00eb t\u00eb shkurt\u00ebr. Takimi n\u00eb Oh\u00ebr mes Kurtit dhe Vu\u00e7iqit po vazhdon n\u00ebn nd\u00ebrmjet\u00ebsimin e p\u00ebrfaq\u00ebsuesve evropian\u00eb. Pas [&hellip;]<\/p>\n","protected":false},"author":1,"featured_media":144891,"comment_status":"closed","ping_status":"closed","sticky":false,"template":"","format":"standard","meta":{"footnotes":""},"categories":[5],"tags":[],"class_list":{"0":"post-144890","1":"post","2":"type-post","3":"status-publish","4":"format-standard","5":"has-post-thumbnail","7":"category-lajme"},"_links":{"self":[{"href":"https:\/\/radiostargjilan.com\/web\/wp-json\/wp\/v2\/posts\/144890","targetHints":{"allow":["GET"]}}],"collection":[{"href":"https:\/\/radiostargjilan.com\/web\/wp-json\/wp\/v2\/posts"}],"about":[{"href":"https:\/\/radiostargjilan.com\/web\/wp-json\/wp\/v2\/types\/post"}],"author":[{"embeddable":true,"href":"https:\/\/radiostargjilan.com\/web\/wp-json\/wp\/v2\/users\/1"}],"replies":[{"embeddable":true,"href":"https:\/\/radiostargjilan.com\/web\/wp-json\/wp\/v2\/comments?post=144890"}],"version-history":[{"count":0,"href":"https:\/\/radiostargjilan.com\/web\/wp-json\/wp\/v2\/posts\/144890\/revisions"}],"wp:featuredmedia":[{"embeddable":true,"href":"https:\/\/radiostargjilan.com\/web\/wp-json\/wp\/v2\/media\/144891"}],"wp:attachment":[{"href":"https:\/\/radiostargjilan.com\/web\/wp-json\/wp\/v2\/media?parent=144890"}],"wp:term":[{"taxonomy":"category","embeddable":true,"href":"https:\/\/radiostargjilan.com\/web\/wp-json\/wp\/v2\/categories?post=144890"},{"taxonomy":"post_tag","embeddable":true,"href":"https:\/\/radiostargjilan.com\/web\/wp-json\/wp\/v2\/tags?post=144890"}],"curies":[{"name":"wp","href":"https:\/\/api.w.org\/{rel}","templated":true}]}}