{"id":145059,"date":"2023-03-20T21:26:20","date_gmt":"2023-03-20T20:26:20","guid":{"rendered":"https:\/\/radiostargjilan.com\/web\/?p=145059"},"modified":"2023-03-20T21:26:20","modified_gmt":"2023-03-20T20:26:20","slug":"mbulohet-aktorja-qe-publikoi-videon-e-gruas-qe-u-rrah-ne-peje-nuk-e-kam-problem-edhe-nese-nuk-punoj","status":"publish","type":"post","link":"https:\/\/radiostargjilan.com\/web\/mbulohet-aktorja-qe-publikoi-videon-e-gruas-qe-u-rrah-ne-peje-nuk-e-kam-problem-edhe-nese-nuk-punoj\/","title":{"rendered":"Mbulohet aktorja q\u00eb publikoi videon e gruas q\u00eb u rrah n\u00eb Pej\u00eb: Nuk e kam problem edhe n\u00ebse nuk punoj"},"content":{"rendered":"<p>Kaltrin\u00eb Zeneli, aktorja q\u00eb denoncoi publikisht duke shp\u00ebrndar\u00eb pamjet n\u00eb Facebook se si rrahej nj\u00eb e moshuar nga infermieret n\u00eb Pej\u00eb, ka qen\u00eb sot e ftuar n\u00eb emisionin #gjesi n\u00eb T7.<\/p>\n<p>K\u00ebsaj radhe paraqitja e saj ishte m\u00eb ndryshe.<\/p>\n<p>Aktorja zbuloi se ka vendosur t\u00eb mbulohet, duke treguar se gjithmon\u00eb i ka p\u00eblqyer grat\u00eb me mbules\u00eb.<\/p>\n<p>Madje ajo tregoi edhe momentin se si e mori vendimin p\u00ebr t\u2019u mbuluar.<\/p>\n<p>\u201cUn\u00eb qe tri vite fali namaz , edhe nuk e ka dit\u00eb askush, n\u00eb fakt e kan\u00eb dit\u00eb vet\u00ebm rrethi i ngusht\u00eb edhe kushdo q\u00eb m\u00eb ka pa duke u fal\u00eb. E kam mbajte gjithmon\u00eb p\u00ebr vete. Kur kam fillu me u fal kam th\u00ebn\u00eb ndoshta najher\u00eb mbulohem po jo di\u00e7ka t\u00eb caktuar me th\u00ebn\u00eb q\u00eb qitash ose ndonj\u00eb periudh\u00eb t\u00eb caktuar se kur me u mbulu. Ishim n\u00eb Turqi \u00ebsht\u00eb hera e par\u00eb q\u00eb po flas p\u00ebr k\u00ebt\u00eb pjes\u00eb. Ishim n\u00eb Turqi p\u00ebr shfaqje. Edhe iu thash t\u00eb han\u00ebn du me u mbulu ve\u00e7 me dit\u00eb se si \u00ebsht\u00eb si ndjenj\u00eb se gjithmon\u00eb m\u00eb kan\u00eb p\u00eblqyer grat\u00eb me mbules\u00eb\u201d, u shpreh ajo.<\/p>\n<p>Tutje, aktorja tha nuk e ka problem edhe n\u00ebse nuk i ofrohet mund\u00ebsia q\u00eb t\u00eb punoj\u00eb sepse thot\u00eb se e ka arritur qet\u00ebsin\u00eb shpirt\u00ebrore.<\/p>\n<p>\u201cE vendosa mbules\u00ebn dhe asnj\u00ebher\u00eb m\u00eb mir\u00eb nuk jam ndi. E mbajta gjith\u00eb dit\u00ebn edhe mandej gjith\u00eb dit\u00ebn e kam mendu duke th\u00ebn\u00eb qysh me mbajt\u00eb gjith\u00eb. Edhe p\u00ebr shkak t\u00eb profesionit edhe kolegt\u00eb m\u00eb kan\u00eb pyet qysh. Krejt i kam mendu edhe brenda dit\u00ebs edhe vendosa me u mbulu. M\u00eb ardhke marre me hek, babi e kish breng\u00ebn e profesionit, por kur i tregova t\u00eb gjitha e respektoi t\u00eb gjith\u00ebn. N\u00eb fakt nuk e kam problem edhe n\u00ebse nuk punoj sepse e kam gjet qet\u00ebsin\u00eb shpirt\u00ebrore\u201d, p\u00ebrfundoi ajo.<\/p>\n","protected":false},"excerpt":{"rendered":"<p>Kaltrin\u00eb Zeneli, aktorja q\u00eb denoncoi publikisht duke shp\u00ebrndar\u00eb pamjet n\u00eb Facebook se si rrahej nj\u00eb e moshuar nga infermieret n\u00eb Pej\u00eb, ka qen\u00eb sot e ftuar n\u00eb emisionin #gjesi n\u00eb T7. K\u00ebsaj radhe paraqitja e saj ishte m\u00eb ndryshe. Aktorja zbuloi se ka vendosur t\u00eb mbulohet, duke treguar se gjithmon\u00eb i ka p\u00eblqyer grat\u00eb me [&hellip;]<\/p>\n","protected":false},"author":1,"featured_media":145060,"comment_status":"closed","ping_status":"closed","sticky":false,"template":"","format":"standard","meta":{"footnotes":""},"categories":[5],"tags":[],"class_list":{"0":"post-145059","1":"post","2":"type-post","3":"status-publish","4":"format-standard","5":"has-post-thumbnail","7":"category-lajme"},"_links":{"self":[{"href":"https:\/\/radiostargjilan.com\/web\/wp-json\/wp\/v2\/posts\/145059","targetHints":{"allow":["GET"]}}],"collection":[{"href":"https:\/\/radiostargjilan.com\/web\/wp-json\/wp\/v2\/posts"}],"about":[{"href":"https:\/\/radiostargjilan.com\/web\/wp-json\/wp\/v2\/types\/post"}],"author":[{"embeddable":true,"href":"https:\/\/radiostargjilan.com\/web\/wp-json\/wp\/v2\/users\/1"}],"replies":[{"embeddable":true,"href":"https:\/\/radiostargjilan.com\/web\/wp-json\/wp\/v2\/comments?post=145059"}],"version-history":[{"count":0,"href":"https:\/\/radiostargjilan.com\/web\/wp-json\/wp\/v2\/posts\/145059\/revisions"}],"wp:featuredmedia":[{"embeddable":true,"href":"https:\/\/radiostargjilan.com\/web\/wp-json\/wp\/v2\/media\/145060"}],"wp:attachment":[{"href":"https:\/\/radiostargjilan.com\/web\/wp-json\/wp\/v2\/media?parent=145059"}],"wp:term":[{"taxonomy":"category","embeddable":true,"href":"https:\/\/radiostargjilan.com\/web\/wp-json\/wp\/v2\/categories?post=145059"},{"taxonomy":"post_tag","embeddable":true,"href":"https:\/\/radiostargjilan.com\/web\/wp-json\/wp\/v2\/tags?post=145059"}],"curies":[{"name":"wp","href":"https:\/\/api.w.org\/{rel}","templated":true}]}}