{"id":145062,"date":"2023-03-20T22:30:17","date_gmt":"2023-03-20T21:30:17","guid":{"rendered":"https:\/\/radiostargjilan.com\/web\/?p=145062"},"modified":"2023-03-20T22:30:17","modified_gmt":"2023-03-20T21:30:17","slug":"kurti-ne-ishim-te-gatshem-te-nenshkruajme-serbia-refuzoi-serish","status":"publish","type":"post","link":"https:\/\/radiostargjilan.com\/web\/kurti-ne-ishim-te-gatshem-te-nenshkruajme-serbia-refuzoi-serish\/","title":{"rendered":"Kurti: Ne ishim t\u00eb gatsh\u00ebm t\u00eb n\u00ebnshkruajm\u00eb, Serbia refuzoi s\u00ebrish"},"content":{"rendered":"<p>Kryeministri i Kosov\u00ebs, Albin Kurti tha se delegacioni i Republik\u00ebs s\u00eb Kosov\u00ebs n\u00eb takimin e Ohrit, kan\u00eb qen\u00eb maksimalisht i p\u00ebrkushtuar dhe konstruktiv, por edhe kreativ me oferta e propozime q\u00eb u refuzuan nga pala serbe, e cila sikurse n\u00eb Bruksel me 27 shkurt, sipas tij, p\u00ebrs\u00ebri refuzoi t\u00eb n\u00ebnshkruaj\u00eb.<\/p>\n<p>K\u00ebshtu ka deklaruar kryeministri Kurti gjat\u00eb takimit me ambasador\u00ebt e ngarkuarit me pun\u00eb, shefat e misioneve diplomatike dhe z\u00ebvend\u00ebsambasador\u00ebt e akredituar n\u00eb Kosov\u00eb. Diplomat\u00ebt nd\u00ebrkomb\u00ebtar\u00eb, shefi i Qeveris\u00eb i takoi me ftes\u00eb t\u00eb tij, bashk\u00eb me z\u00ebvend\u00ebskryeministrin e par\u00eb, Besnik Bislimi.<\/p>\n<p>N\u00eb k\u00ebt\u00eb takim t\u00eb gjer\u00eb e t\u00eb p\u00ebrbashk\u00ebt, Kurti i informoi ata p\u00ebr ecurin\u00eb e bisedimeve t\u00eb shtun\u00ebn n\u00eb Oh\u00ebr t\u00eb Maqedonis\u00eb s\u00eb Veriut, dhe p\u00ebr rezultatin e arritur aty me rastin e dakordimit publik p\u00ebr aneksin e zbatimit t\u00eb Marr\u00ebveshjes Baz\u00eb.<\/p>\n<p>\u201cN\u00eb tekst t\u00eb Aneksit t\u00eb dakorduar n\u00eb Oh\u00ebr thuhet q\u00eb Kosova dhe Serbia angazhohen plot\u00ebsisht p\u00ebr t\u2019i respektuar t\u00eb gjitha nenet e Marr\u00ebveshjes dhe Aneksit, dhe p\u00ebr t\u2019i zbatuar t\u00eb gjitha detyrimet e tyre p\u00ebrkat\u00ebse &#8211; q\u00eb rrjedhin nga Marr\u00ebveshja dhe Aneksi &#8211; n\u00eb m\u00ebnyr\u00eb t\u00eb p\u00ebrshtatshme dhe n\u00eb mir\u00ebbesim. Aty po ashtu thuhet se Kosova dhe Serbia pajtohen q\u00eb t\u00eb gjitha nenet t\u00eb zbatohen n\u00eb m\u00ebnyr\u00eb t\u00eb pavarur nga nj\u00ebra-tjetra\u201d, thuhet n\u00eb njoftimin e Qeveris\u00eb.<\/p>\n<p>Rruga p\u00ebr procedimin e aplikimit t\u00eb Kosov\u00ebs p\u00ebr an\u00ebtar\u00ebsim n\u00eb K\u00ebshillin e Evrop\u00ebs dhe n\u00eb Bashkimin Evropian \u00ebsht\u00eb e hapur, ka th\u00ebn\u00eb me tej Kurti, citon Qeveria.<\/p>\n<p>\u201cSa i p\u00ebrket an\u00ebtar\u00ebsimit n\u00eb K\u00ebshillin e Evrop\u00ebs, Kosova tashm\u00eb ka numrin e nevojsh\u00ebm t\u00eb votave t\u00eb shteteve an\u00ebtare, nd\u00ebrkoh\u00eb q\u00eb departamenti ligjor i K\u00ebshillit ka konfirmuar se nuk ka asnj\u00eb penges\u00eb juridike p\u00ebr an\u00ebtar\u00ebsimin e plot\u00eb t\u00eb Republik\u00ebs s\u00eb Kosov\u00ebs n\u00eb k\u00ebt\u00eb organizat\u00eb t\u00eb r\u00ebnd\u00ebsishme\u201d, ka th\u00ebn\u00eb Kurti, citon qeveria n\u00eb njoftimin  p\u00ebr media.<\/p>\n","protected":false},"excerpt":{"rendered":"<p>Kryeministri i Kosov\u00ebs, Albin Kurti tha se delegacioni i Republik\u00ebs s\u00eb Kosov\u00ebs n\u00eb takimin e Ohrit, kan\u00eb qen\u00eb maksimalisht i p\u00ebrkushtuar dhe konstruktiv, por edhe kreativ me oferta e propozime q\u00eb u refuzuan nga pala serbe, e cila sikurse n\u00eb Bruksel me 27 shkurt, sipas tij, p\u00ebrs\u00ebri refuzoi t\u00eb n\u00ebnshkruaj\u00eb. K\u00ebshtu ka deklaruar kryeministri Kurti [&hellip;]<\/p>\n","protected":false},"author":1,"featured_media":144326,"comment_status":"closed","ping_status":"closed","sticky":false,"template":"","format":"standard","meta":{"footnotes":""},"categories":[5],"tags":[],"class_list":{"0":"post-145062","1":"post","2":"type-post","3":"status-publish","4":"format-standard","5":"has-post-thumbnail","7":"category-lajme"},"_links":{"self":[{"href":"https:\/\/radiostargjilan.com\/web\/wp-json\/wp\/v2\/posts\/145062","targetHints":{"allow":["GET"]}}],"collection":[{"href":"https:\/\/radiostargjilan.com\/web\/wp-json\/wp\/v2\/posts"}],"about":[{"href":"https:\/\/radiostargjilan.com\/web\/wp-json\/wp\/v2\/types\/post"}],"author":[{"embeddable":true,"href":"https:\/\/radiostargjilan.com\/web\/wp-json\/wp\/v2\/users\/1"}],"replies":[{"embeddable":true,"href":"https:\/\/radiostargjilan.com\/web\/wp-json\/wp\/v2\/comments?post=145062"}],"version-history":[{"count":0,"href":"https:\/\/radiostargjilan.com\/web\/wp-json\/wp\/v2\/posts\/145062\/revisions"}],"wp:featuredmedia":[{"embeddable":true,"href":"https:\/\/radiostargjilan.com\/web\/wp-json\/wp\/v2\/media\/144326"}],"wp:attachment":[{"href":"https:\/\/radiostargjilan.com\/web\/wp-json\/wp\/v2\/media?parent=145062"}],"wp:term":[{"taxonomy":"category","embeddable":true,"href":"https:\/\/radiostargjilan.com\/web\/wp-json\/wp\/v2\/categories?post=145062"},{"taxonomy":"post_tag","embeddable":true,"href":"https:\/\/radiostargjilan.com\/web\/wp-json\/wp\/v2\/tags?post=145062"}],"curies":[{"name":"wp","href":"https:\/\/api.w.org\/{rel}","templated":true}]}}