{"id":145203,"date":"2023-03-22T16:18:30","date_gmt":"2023-03-22T15:18:30","guid":{"rendered":"https:\/\/radiostargjilan.com\/web\/?p=145203"},"modified":"2023-03-22T16:18:30","modified_gmt":"2023-03-22T15:18:30","slug":"pas-arrestimit-te-agim-ademit-kombetarja-anulon-stervitjen","status":"publish","type":"post","link":"https:\/\/radiostargjilan.com\/web\/pas-arrestimit-te-agim-ademit-kombetarja-anulon-stervitjen\/","title":{"rendered":"Pas arrestimit t\u00eb Agim Ademit, komb\u00ebtarja anulon st\u00ebrvitjen"},"content":{"rendered":"<p>Komb\u00ebtarja e Kosov\u00ebs n\u00eb futboll ka anuluar seanc\u00ebn st\u00ebrvitore p\u00ebr dit\u00ebn e sotme, pas arrestimit t\u00eb kryetarit, Agim Ademi.<\/p>\n<p>I pari i futbollit kosovar\u00eb u arrestua pas intervistimit nga Policia e Kosov\u00ebs. Me urdh\u00ebr t\u00eb Prokurorit t\u00eb Shtetit, Ademi \u00ebsht\u00eb d\u00ebrguar n\u00eb mbajtje p\u00ebr 48 or\u00eb.<\/p>\n<p>Lajmin p\u00ebr anulimin e seanc\u00ebs st\u00ebrvitore e ka b\u00ebr\u00eb t\u00eb ditur gazetari Arlind Sadiku, raporton Paparaci.<\/p>\n<p>Kosova t\u00eb shtun\u00ebn do t\u00eb p\u00ebrballet me Izraelin n\u00eb kuad\u00ebr t\u00eb ndeshjeve kualifikuese p\u00ebr Kampionatin Evropian \u201cEuro 2024\u201d.<\/p>\n","protected":false},"excerpt":{"rendered":"<p>Komb\u00ebtarja e Kosov\u00ebs n\u00eb futboll ka anuluar seanc\u00ebn st\u00ebrvitore p\u00ebr dit\u00ebn e sotme, pas arrestimit t\u00eb kryetarit, Agim Ademi. I pari i futbollit kosovar\u00eb u arrestua pas intervistimit nga Policia e Kosov\u00ebs. Me urdh\u00ebr t\u00eb Prokurorit t\u00eb Shtetit, Ademi \u00ebsht\u00eb d\u00ebrguar n\u00eb mbajtje p\u00ebr 48 or\u00eb. Lajmin p\u00ebr anulimin e seanc\u00ebs st\u00ebrvitore e ka b\u00ebr\u00eb [&hellip;]<\/p>\n","protected":false},"author":1,"featured_media":145204,"comment_status":"closed","ping_status":"closed","sticky":false,"template":"","format":"standard","meta":{"footnotes":""},"categories":[7],"tags":[],"class_list":{"0":"post-145203","1":"post","2":"type-post","3":"status-publish","4":"format-standard","5":"has-post-thumbnail","7":"category-sports"},"_links":{"self":[{"href":"https:\/\/radiostargjilan.com\/web\/wp-json\/wp\/v2\/posts\/145203","targetHints":{"allow":["GET"]}}],"collection":[{"href":"https:\/\/radiostargjilan.com\/web\/wp-json\/wp\/v2\/posts"}],"about":[{"href":"https:\/\/radiostargjilan.com\/web\/wp-json\/wp\/v2\/types\/post"}],"author":[{"embeddable":true,"href":"https:\/\/radiostargjilan.com\/web\/wp-json\/wp\/v2\/users\/1"}],"replies":[{"embeddable":true,"href":"https:\/\/radiostargjilan.com\/web\/wp-json\/wp\/v2\/comments?post=145203"}],"version-history":[{"count":0,"href":"https:\/\/radiostargjilan.com\/web\/wp-json\/wp\/v2\/posts\/145203\/revisions"}],"wp:featuredmedia":[{"embeddable":true,"href":"https:\/\/radiostargjilan.com\/web\/wp-json\/wp\/v2\/media\/145204"}],"wp:attachment":[{"href":"https:\/\/radiostargjilan.com\/web\/wp-json\/wp\/v2\/media?parent=145203"}],"wp:term":[{"taxonomy":"category","embeddable":true,"href":"https:\/\/radiostargjilan.com\/web\/wp-json\/wp\/v2\/categories?post=145203"},{"taxonomy":"post_tag","embeddable":true,"href":"https:\/\/radiostargjilan.com\/web\/wp-json\/wp\/v2\/tags?post=145203"}],"curies":[{"name":"wp","href":"https:\/\/api.w.org\/{rel}","templated":true}]}}