{"id":145290,"date":"2023-03-23T17:16:26","date_gmt":"2023-03-23T16:16:26","guid":{"rendered":"https:\/\/radiostargjilan.com\/web\/?p=145290"},"modified":"2023-03-23T17:16:26","modified_gmt":"2023-03-23T16:16:26","slug":"agim-ademit-i-caktohet-masa-e-arrestit-shtepiak-ne-kohezgjatje-prej-30-ditesh","status":"publish","type":"post","link":"https:\/\/radiostargjilan.com\/web\/agim-ademit-i-caktohet-masa-e-arrestit-shtepiak-ne-kohezgjatje-prej-30-ditesh\/","title":{"rendered":"Agim Ademit i caktohet masa e arrestit sht\u00ebpiak n\u00eb koh\u00ebzgjatje prej 30 dit\u00ebsh"},"content":{"rendered":"<p>Gjykata Themelore n\u00eb Prishtin\u00eb ka aprovuar k\u00ebrkes\u00ebn e Prokuroris\u00eb Themelore n\u00eb Prishtin\u00eb, duke caktuar mas\u00ebn e arrestit sht\u00ebpiak n\u00eb koh\u00ebzgjatje prej 30 dit\u00ebsh, ndaj Agim Ademit, kryetar i Federat\u00ebs s\u00eb Futbollit t\u00eb Kosov\u00ebs (FFK), i dyshuar p\u00ebr \u201cKeqp\u00ebrdorim t\u00eb besimit\u201d dhe \u201cShmangie nga tatimi\u201d.<\/p>\n<p>Lajmin e ka konfirmuar p\u00ebr \u201cBetimi p\u00ebr Drejt\u00ebsi\u201c, Mirlinda Gashi, z\u00ebdh\u00ebn\u00ebse e k\u00ebsaj Gjykate.<\/p>\n<p>Prokuroria Themelore n\u00eb Prishtin\u00eb, kishte paraqitur k\u00ebrkes\u00eb p\u00ebr caktimin e mas\u00ebs s\u00eb arrestit sht\u00ebpiak ndaj kreut t\u00eb Federat\u00ebs s\u00eb Futbollit t\u00eb Kosov\u00ebs (FFK), Agim Ademi, n\u00ebn dyshimin se ka keqp\u00ebrdorur buxhetin e FFK-s\u00eb. Lajmin p\u00ebr \u201cBetimi p\u00ebr Drejt\u00ebsi\u201d e kishte konfirmuar z\u00ebdh\u00ebn\u00ebsja e k\u00ebsaj Prokurorie, Laureta Ulaj.<\/p>\n<p>\u201cJu njoftojm\u00eb se Prokurori i Shtetit ka paraqitur k\u00ebrkes\u00eb p\u00ebr caktimin e mas\u00ebs s\u00eb arrestit sht\u00ebpiak ndaj A.A., n\u00eb Gjykat\u00ebn kompetente\u201d, thuhet n\u00eb njoftimin e Ulajt.<\/p>\n<p>N\u00eb raportin 24 or\u00ebsh t\u00eb Policis\u00eb, t\u00eb enjten, thuhet se Ademi dyshohet se ka kryer veprat penale \u201cKeqp\u00ebdorim i besimit\u201d dhe \u201cShmangie nga tatimi\u201d, duke keqp\u00ebrdorur buxhetin e FFK-s\u00eb.<\/p>\n<p>Ndryshe, Prokuroria Themelore n\u00eb Prishtin\u00eb, t\u00eb m\u00ebrkur\u00ebn njoftoi se Ademi \u00ebsht\u00eb ndaluar p\u00ebr 48 or\u00eb, n\u00ebn dyshimin p\u00ebr kryerjen e veprave penale \u201cKeqp\u00ebrdorim i besimit\u201d dhe \u201cShmangie nga tatimi\u201d.<\/p>\n<p>\u201cProkuroria Themelore n\u00eb Prishtin\u00eb, njofton opinionin publik se pas ndrmarrjes se veprimeve paraprake hetimore, Prokurori i Shtetit ka l\u00ebshuar aktvendim mbi ndalimin e Kryetarit t\u00eb Federat\u00ebs s\u00eb Futbollit t\u00eb Kosov\u00ebs, p\u00ebr shkak t\u00eb dyshimit t\u00eb kryerjes s\u00eb veprave penale \u201cKeqp\u00ebrdorimi i besimit\u201d, nga neni 330 dhe \u201cShmangie nga tatimi\u201d, nga neni 307 t\u00eb KPRK-s\u00eb. I nj\u00ebjti me urdh\u00ebr t\u00eb Prokurorit t\u00eb Shtetit \u00ebsht\u00eb d\u00ebrguar n\u00eb mbajtje n\u00eb koh\u00ebzgjatje prej 48 or\u00ebsh, derisa n\u00eb koordinim me Policin\u00eb jan\u00eb duke u nd\u00ebrmarr\u00eb veprime hetimore lidhu me k\u00ebt\u00eb \u00e7\u00ebshtje penale\u201d, thuhej n\u00eb njoftim.<\/p>\n<p>Kurse, nj\u00eb dit\u00eb m\u00eb par\u00eb, Policia e Kosov\u00ebs njoftoi se \u00ebsht\u00eb intervistuar n\u00eb stacion policor nj\u00eb zyrtar i Federat\u00ebs s\u00eb Futbollit t\u00eb Kosov\u00ebs (FFK), nd\u00ebrsa kreut t\u00eb k\u00ebsaj t\u00eb fundit, Agim Ademi, i ishte l\u00ebn\u00eb ftes\u00eb p\u00ebr t\u2019u intervistuar t\u00eb m\u00ebrkur\u00ebn (sot).<\/p>\n<p>Kujtojm\u00eb se m\u00eb 15 mars 2023, Gjykata Themelore n\u00eb Prishtin\u00eb, ka shpallur aktgjykim lirues ndaj Agim Ademit dhe Muharrem Ram\u00ebs, lidhur me akuz\u00ebn p\u00ebr detyrim n\u00eb bashk\u00ebkryerje.<\/p>\n","protected":false},"excerpt":{"rendered":"<p>Gjykata Themelore n\u00eb Prishtin\u00eb ka aprovuar k\u00ebrkes\u00ebn e Prokuroris\u00eb Themelore n\u00eb Prishtin\u00eb, duke caktuar mas\u00ebn e arrestit sht\u00ebpiak n\u00eb koh\u00ebzgjatje prej 30 dit\u00ebsh, ndaj Agim Ademit, kryetar i Federat\u00ebs s\u00eb Futbollit t\u00eb Kosov\u00ebs (FFK), i dyshuar p\u00ebr \u201cKeqp\u00ebrdorim t\u00eb besimit\u201d dhe \u201cShmangie nga tatimi\u201d. Lajmin e ka konfirmuar p\u00ebr \u201cBetimi p\u00ebr Drejt\u00ebsi\u201c, Mirlinda Gashi, z\u00ebdh\u00ebn\u00ebse [&hellip;]<\/p>\n","protected":false},"author":1,"featured_media":145112,"comment_status":"closed","ping_status":"closed","sticky":false,"template":"","format":"standard","meta":{"footnotes":""},"categories":[117],"tags":[],"class_list":{"0":"post-145290","1":"post","2":"type-post","3":"status-publish","4":"format-standard","5":"has-post-thumbnail","7":"category-gjykata"},"_links":{"self":[{"href":"https:\/\/radiostargjilan.com\/web\/wp-json\/wp\/v2\/posts\/145290","targetHints":{"allow":["GET"]}}],"collection":[{"href":"https:\/\/radiostargjilan.com\/web\/wp-json\/wp\/v2\/posts"}],"about":[{"href":"https:\/\/radiostargjilan.com\/web\/wp-json\/wp\/v2\/types\/post"}],"author":[{"embeddable":true,"href":"https:\/\/radiostargjilan.com\/web\/wp-json\/wp\/v2\/users\/1"}],"replies":[{"embeddable":true,"href":"https:\/\/radiostargjilan.com\/web\/wp-json\/wp\/v2\/comments?post=145290"}],"version-history":[{"count":0,"href":"https:\/\/radiostargjilan.com\/web\/wp-json\/wp\/v2\/posts\/145290\/revisions"}],"wp:featuredmedia":[{"embeddable":true,"href":"https:\/\/radiostargjilan.com\/web\/wp-json\/wp\/v2\/media\/145112"}],"wp:attachment":[{"href":"https:\/\/radiostargjilan.com\/web\/wp-json\/wp\/v2\/media?parent=145290"}],"wp:term":[{"taxonomy":"category","embeddable":true,"href":"https:\/\/radiostargjilan.com\/web\/wp-json\/wp\/v2\/categories?post=145290"},{"taxonomy":"post_tag","embeddable":true,"href":"https:\/\/radiostargjilan.com\/web\/wp-json\/wp\/v2\/tags?post=145290"}],"curies":[{"name":"wp","href":"https:\/\/api.w.org\/{rel}","templated":true}]}}