{"id":145569,"date":"2023-03-27T15:03:01","date_gmt":"2023-03-27T13:03:01","guid":{"rendered":"https:\/\/radiostargjilan.com\/web\/?p=145569"},"modified":"2023-03-27T15:04:14","modified_gmt":"2023-03-27T13:04:14","slug":"hyseni-2-4-milione-euro-investime-infrastrukturore-ne-projektin-e-zgjerimit-te-rruges-se-malisheves-dhe-mbulimit-te-lumit-stanishorka","status":"publish","type":"post","link":"https:\/\/radiostargjilan.com\/web\/hyseni-2-4-milione-euro-investime-infrastrukturore-ne-projektin-e-zgjerimit-te-rruges-se-malisheves-dhe-mbulimit-te-lumit-stanishorka\/","title":{"rendered":"Hyseni: 2.4 MILION\u00cb EURO investime infrastrukturore n\u00eb projektin e zgjerimit t\u00eb rrug\u00ebs s\u00eb Malishev\u00ebs dhe mbulimit t\u00eb lumit Stanishorka"},"content":{"rendered":"<p>Kryetari i Gjilanit, Alban Hyseni, p\u00ebrmes nj\u00eb statusi n\u00eb \u2018facebook\u2019, ka treguar se komuna e Gjilanit ka n\u00ebnshkruar memorandumin e bashk\u00ebfinancimit me MMPHI p\u00ebr zgjerimin e rrug\u00ebs s\u00eb Malishev\u00ebs dhe mbulimit t\u00eb lumit Stanishorka.<\/p>\n<p>Hyseni ka th\u00ebn\u00eb se ky investim infrastrukturor\u00eb n\u00eb projektin e zgjerimit t\u00eb rrug\u00ebs s\u00eb Malishev\u00ebs dhe mbulimit t\u00eb lumit Stanishorka, do t\u00eb kushtoj\u00eb 2.4 milion \u20acuro.<\/p>\n<p>Shkrimi i plot\u00eb:<\/p>\n<p>\ud83d\udce3 LAJM I JASHT\u00cbZAKONSH\u00cbM<br \/>\n2.4 MILION\u00cb EURO investime infrastrukturore n\u00eb projektin e zgjerimit t\u00eb rrug\u00ebs s\u00eb Malishev\u00ebs dhe mbulimit t\u00eb lumit Stanishorka \ud83d\udee3\ud83d\udea7\ud83d\ude9c<\/p>\n<p>Sot n\u00ebnshkruam memorandumin e bashk\u00ebfinancimit me MMPHI p\u00ebr zgjerimin e rrug\u00ebs s\u00eb Malishev\u00ebs dhe mbulimit t\u00eb lumit Stanishorka. Projekti i cili do filloj\u00eb t\u00eb jet\u00ebsohet s\u00eb shpejti do t\u00eb zgjeroj\u00eb infrastruktur\u00ebn e qytetit dhe do t\u00eb p\u00ebrmir\u00ebsoj\u00eb duksh\u00ebm jet\u00ebn e bashk\u00ebqytetar\u00ebve tan\u00eb! \ud83e\udd29<\/p>\n<p>Vazhdojm\u00eb me #zhvillimin dhe #transformimin e Gjilanit! \u2764<\/p>\n<p><iframe loading=\"lazy\" src=\"https:\/\/www.facebook.com\/plugins\/video.php?height=314&#038;href=https%3A%2F%2Fwww.facebook.com%2Falbanhysenilvv%2Fvideos%2F2107743572753011%2F&#038;show_text=false&#038;width=560&#038;t=0\" width=\"560\" height=\"314\" style=\"border:none;overflow:hidden\" scrolling=\"no\" frameborder=\"0\" allowfullscreen=\"true\" allow=\"autoplay; clipboard-write; encrypted-media; picture-in-picture; web-share\" allowFullScreen=\"true\"><\/iframe><\/p>\n","protected":false},"excerpt":{"rendered":"<p>Kryetari i Gjilanit, Alban Hyseni, p\u00ebrmes nj\u00eb statusi n\u00eb \u2018facebook\u2019, ka treguar se komuna e Gjilanit ka n\u00ebnshkruar memorandumin e bashk\u00ebfinancimit me MMPHI p\u00ebr zgjerimin e rrug\u00ebs s\u00eb Malishev\u00ebs dhe mbulimit t\u00eb lumit Stanishorka. Hyseni ka th\u00ebn\u00eb se ky investim infrastrukturor\u00eb n\u00eb projektin e zgjerimit t\u00eb rrug\u00ebs s\u00eb Malishev\u00ebs dhe mbulimit t\u00eb lumit Stanishorka, do [&hellip;]<\/p>\n","protected":false},"author":1,"featured_media":145572,"comment_status":"closed","ping_status":"closed","sticky":false,"template":"","format":"standard","meta":{"footnotes":""},"categories":[5],"tags":[],"class_list":{"0":"post-145569","1":"post","2":"type-post","3":"status-publish","4":"format-standard","5":"has-post-thumbnail","7":"category-lajme"},"_links":{"self":[{"href":"https:\/\/radiostargjilan.com\/web\/wp-json\/wp\/v2\/posts\/145569","targetHints":{"allow":["GET"]}}],"collection":[{"href":"https:\/\/radiostargjilan.com\/web\/wp-json\/wp\/v2\/posts"}],"about":[{"href":"https:\/\/radiostargjilan.com\/web\/wp-json\/wp\/v2\/types\/post"}],"author":[{"embeddable":true,"href":"https:\/\/radiostargjilan.com\/web\/wp-json\/wp\/v2\/users\/1"}],"replies":[{"embeddable":true,"href":"https:\/\/radiostargjilan.com\/web\/wp-json\/wp\/v2\/comments?post=145569"}],"version-history":[{"count":0,"href":"https:\/\/radiostargjilan.com\/web\/wp-json\/wp\/v2\/posts\/145569\/revisions"}],"wp:featuredmedia":[{"embeddable":true,"href":"https:\/\/radiostargjilan.com\/web\/wp-json\/wp\/v2\/media\/145572"}],"wp:attachment":[{"href":"https:\/\/radiostargjilan.com\/web\/wp-json\/wp\/v2\/media?parent=145569"}],"wp:term":[{"taxonomy":"category","embeddable":true,"href":"https:\/\/radiostargjilan.com\/web\/wp-json\/wp\/v2\/categories?post=145569"},{"taxonomy":"post_tag","embeddable":true,"href":"https:\/\/radiostargjilan.com\/web\/wp-json\/wp\/v2\/tags?post=145569"}],"curies":[{"name":"wp","href":"https:\/\/api.w.org\/{rel}","templated":true}]}}