{"id":146409,"date":"2023-04-06T21:11:09","date_gmt":"2023-04-06T19:11:09","guid":{"rendered":"https:\/\/radiostargjilan.com\/web\/?p=146409"},"modified":"2023-04-06T21:11:09","modified_gmt":"2023-04-06T19:11:09","slug":"aliu-shpreh-shqetesimin-e-qytetareve-per-gjendjen-e-rruges-gjilan-prishtine","status":"publish","type":"post","link":"https:\/\/radiostargjilan.com\/web\/aliu-shpreh-shqetesimin-e-qytetareve-per-gjendjen-e-rruges-gjilan-prishtine\/","title":{"rendered":"Aliu shpreh shqet\u00ebsimin e qytetar\u00ebve p\u00ebr gjendjen e rrug\u00ebs Gjilan-Prishtin\u00eb"},"content":{"rendered":"<p>Deputeti gjilanas, Luan Aliu, sot gjat\u00eb seanc\u00ebs s\u00eb Kuvenditt t\u00eb Kosov\u00ebs, ka shprehur shqet\u00ebsimin e qytetar\u00ebve gjilanas p\u00ebr gjendjen e rrug\u00ebs Gjilan &#8211; Prishtin\u00eb, e cila si pasoj\u00eb e vjet\u00ebrsis\u00eb ka probleme t\u00eb shumta, duke filluar nga hapja e gropave, rr\u00ebshqitja e dheut.<\/p>\n<p>Shkrimi i plot\u00eb:<\/p>\n<p>\ud83d\udde3\ufe0f Sot n\u00eb seanc\u00ebn e radh\u00ebs t\u00eb Kuvendit t\u00eb Kosov\u00ebs, si shqet\u00ebsim t\u00eb qytetar\u00ebve ngrita \u00e7\u00ebshtjen problematike t\u00eb rrug\u00ebs \ud83d\udee3\ufe0f Gjilan &#8211; Prishtin\u00eb, e cila si pasoj\u00eb e vjet\u00ebrsis\u00eb ka probleme t\u00eb shumta, duke filluar nga hapja e gropave, rr\u00ebshqitja e dheut, e ku jo m\u00eb pak rrezik paraqet dhe ura tek liqeni i Badovcit, e cila n\u00eb jo pak raste shkakton edhe kolona t\u00eb gjata pritjeje.<\/p>\n<p>P\u00ebr t\u00eb gjitha k\u00ebto pyetje, u informuam nga ana e Ministrit Aliu, e p\u00ebr t\u00eb cilat shqet\u00ebsime tash e shum\u00eb koh\u00eb q\u00eb i preokupojn\u00eb qytetar\u00ebt, p\u00ebrgjigjet i keni n\u00eb video! \u2b07\ufe0f<br \/>\n<iframe loading=\"lazy\" src=\"https:\/\/www.facebook.com\/plugins\/post.php?href=https%3A%2F%2Fwww.facebook.com%2Fluanaliulvv%2Fposts%2Fpfbid026BM6pSvCR7ormMyJMDkvZ1UsTCLT7jtBDsg92Ce1Yq7riWQEJmg85NStukPVipBdl&#038;show_text=true&#038;width=500\" width=\"500\" height=\"514\" style=\"border:none;overflow:hidden\" scrolling=\"no\" frameborder=\"0\" allowfullscreen=\"true\" allow=\"autoplay; clipboard-write; encrypted-media; picture-in-picture; web-share\"><\/iframe><\/p>\n","protected":false},"excerpt":{"rendered":"<p>Deputeti gjilanas, Luan Aliu, sot gjat\u00eb seanc\u00ebs s\u00eb Kuvenditt t\u00eb Kosov\u00ebs, ka shprehur shqet\u00ebsimin e qytetar\u00ebve gjilanas p\u00ebr gjendjen e rrug\u00ebs Gjilan &#8211; Prishtin\u00eb, e cila si pasoj\u00eb e vjet\u00ebrsis\u00eb ka probleme t\u00eb shumta, duke filluar nga hapja e gropave, rr\u00ebshqitja e dheut. Shkrimi i plot\u00eb: \ud83d\udde3\ufe0f Sot n\u00eb seanc\u00ebn e radh\u00ebs t\u00eb Kuvendit t\u00eb [&hellip;]<\/p>\n","protected":false},"author":1,"featured_media":146410,"comment_status":"closed","ping_status":"closed","sticky":false,"template":"","format":"standard","meta":{"footnotes":""},"categories":[5],"tags":[],"class_list":{"0":"post-146409","1":"post","2":"type-post","3":"status-publish","4":"format-standard","5":"has-post-thumbnail","7":"category-lajme"},"_links":{"self":[{"href":"https:\/\/radiostargjilan.com\/web\/wp-json\/wp\/v2\/posts\/146409","targetHints":{"allow":["GET"]}}],"collection":[{"href":"https:\/\/radiostargjilan.com\/web\/wp-json\/wp\/v2\/posts"}],"about":[{"href":"https:\/\/radiostargjilan.com\/web\/wp-json\/wp\/v2\/types\/post"}],"author":[{"embeddable":true,"href":"https:\/\/radiostargjilan.com\/web\/wp-json\/wp\/v2\/users\/1"}],"replies":[{"embeddable":true,"href":"https:\/\/radiostargjilan.com\/web\/wp-json\/wp\/v2\/comments?post=146409"}],"version-history":[{"count":0,"href":"https:\/\/radiostargjilan.com\/web\/wp-json\/wp\/v2\/posts\/146409\/revisions"}],"wp:featuredmedia":[{"embeddable":true,"href":"https:\/\/radiostargjilan.com\/web\/wp-json\/wp\/v2\/media\/146410"}],"wp:attachment":[{"href":"https:\/\/radiostargjilan.com\/web\/wp-json\/wp\/v2\/media?parent=146409"}],"wp:term":[{"taxonomy":"category","embeddable":true,"href":"https:\/\/radiostargjilan.com\/web\/wp-json\/wp\/v2\/categories?post=146409"},{"taxonomy":"post_tag","embeddable":true,"href":"https:\/\/radiostargjilan.com\/web\/wp-json\/wp\/v2\/tags?post=146409"}],"curies":[{"name":"wp","href":"https:\/\/api.w.org\/{rel}","templated":true}]}}