{"id":147674,"date":"2023-04-23T12:23:51","date_gmt":"2023-04-23T10:23:51","guid":{"rendered":"https:\/\/radiostargjilan.com\/web\/?p=147674"},"modified":"2023-04-23T12:23:51","modified_gmt":"2023-04-23T10:23:51","slug":"svecla-lajmerohet-nga-mitrovica-spo-verehet-ndonje-tendence-per-eskalim-policia-eshte-e-pergatitur-per-siguri","status":"publish","type":"post","link":"https:\/\/radiostargjilan.com\/web\/svecla-lajmerohet-nga-mitrovica-spo-verehet-ndonje-tendence-per-eskalim-policia-eshte-e-pergatitur-per-siguri\/","title":{"rendered":"Sve\u00e7la lajm\u00ebrohet nga Mitrovica: S\u2019po v\u00ebrehet ndonj\u00eb tendenc\u00eb p\u00ebr eskalim, Policia \u00ebsht\u00eb e p\u00ebrgatitur p\u00ebr siguri"},"content":{"rendered":"<p>Ministri i Pun\u00ebve t\u00eb Brendshme, Xhelal Sve\u00e7la ka deklaruar se ka shkuar n\u00eb Mitrovic\u00eb p\u00ebr ta p\u00ebrcjell\u00eb nga af\u00ebr situat\u00ebn e siguris\u00eb n\u00eb veri, kur po mbahen zgjedhjet e jasht\u00ebzakonshme n\u00eb kat\u00ebr komunat veriore.<\/p>\n<p>N\u00eb nj\u00eb lidhje direkte p\u00ebr televizionin publik, Sve\u00e7la tha se nuk ka incidente t\u00eb raportuara deri m\u00eb tani dhe se presin q\u00eb kjo dit\u00eb t\u00eb p\u00ebrfundoj\u00eb e qet\u00eb.<\/p>\n<p>\u201cUn\u00eb sot jam n\u00eb Mitrovic\u00eb dhe po e p\u00ebrcjellim situat\u00ebn sa i takon \u00e7\u00ebshtjeve t\u00eb siguris\u00eb. Situata \u00ebsht\u00eb stabile, e qet\u00eb. Nuk kemi incidente dhe presim q\u00eb dita t\u00eb p\u00ebrfundoj\u00eb e qet\u00eb\u201d, tha Sve\u00e7la.<\/p>\n<p>Ai po ashtu tha se \u201ck\u00ebto zgjedhje jan\u00eb m\u00eb ndryshe p\u00ebr shum\u00eb arsye\u201d, edhe sa i takon aspektit t\u00eb siguris\u00eb.<\/p>\n<p>Sve\u00e7la tha se dit\u00ebt e fundit qytetar\u00ebve serb\u00eb u \u00ebsht\u00eb b\u00ebr\u00eb \u201cpresion i hatash\u00ebm q\u00eb t\u00eb mos dalin n\u00eb zgjedhje\u201d.<\/p>\n<p>\u201cPor p\u00ebrndryshe sot nuk v\u00ebrehet ndonj\u00eb tendenc\u00eb p\u00ebr eskalim t\u00eb situat\u00ebs\u201d, tha Sve\u00e7la.<\/p>\n<p>Ai tha se presin q\u00eb t\u00eb rritet numri i qytetar\u00ebve q\u00eb do ta shfryt\u00ebzojn\u00eb t\u00eb drejt\u00ebn e votimit.<\/p>\n<p>Lidhur me lokacionet e reja t\u00eb votimeve, Sve\u00e7la tha se bashk\u00eb me KQZ-n\u00eb \u00ebsht\u00eb vler\u00ebsuar \u201cse zgjidhja m\u00eb e mir\u00eb \u00ebsht\u00eb t\u00eb gjejm\u00eb hap\u00ebsira alternative\u201d.<\/p>\n<p>Ministri i Pun\u00ebve t\u00eb Brendshme tha se \u201cPolicia e Kosov\u00ebs kurr\u00eb s\u2019ka qen\u00eb m\u00eb e p\u00ebrgatitur\u201d p\u00ebr t\u00eb ofruar siguri p\u00ebr t\u00eb gjith\u00eb qytetar\u00ebt.<\/p>\n<p>Zgjedhjet e parakohshme lokale mbahen sot n\u00eb kat\u00ebr komunat me shumic\u00eb serbe n\u00eb veri t\u00eb Kosov\u00ebs: Mitrovic\u00eb e Veriut, Zubin Potok, Zve\u00e7an dhe Leposaviq.<\/p>\n<p>Komisioni Qendror i Zgjedhjeve vendosi kontejner\u00eb n\u00ebp\u00ebr rrug\u00ebt kryesore n\u00eb veri, q\u00eb do t\u00eb sh\u00ebrbejn\u00eb si qendra votimi. Policia e Kosov\u00ebs tha se ka marr\u00eb t\u00eb gjitha masat p\u00ebr nj\u00eb mjedis t\u00eb sigurt gjat\u00eb procesit zgjedhor.<\/p>\n<p>N\u00eb gar\u00eb jan\u00eb dhjet\u00eb kandidat\u00eb, prej t\u00eb cil\u00ebve vet\u00ebm nj\u00eb nga komuniteti serb. Ajo \u00ebsht\u00eb Sllagjana Pantoviq, kandidate e pavarur p\u00ebr kryetare t\u00eb Komun\u00ebs s\u00eb Zve\u00e7anit.<\/p>\n<p>Nd\u00ebrsa Lista Serbe \u2013 partia m\u00eb e madhe e serb\u00ebve n\u00eb Kosov\u00eb \u2013 nuk merr pjes\u00eb n\u00eb zgjedhje dhe u b\u00ebri thirrje qytetar\u00ebve serb\u00eb q\u00eb ta bojkotojn\u00eb procesin. Thirrje t\u00eb ngjashme b\u00ebri edhe Beogradi zyrtar.<\/p>\n<p>Komunat n\u00eb veri mbet\u00ebn pa kryetar\u00eb nga n\u00ebntori i vitit t\u00eb kaluar, kur p\u00ebrfaq\u00ebsuesit serb\u00eb n\u00eb at\u00eb zon\u00eb dhan\u00eb dor\u00ebheqje nga vendet e tyre t\u00eb pun\u00ebs, p\u00ebr shkak t\u00eb mospajtimit me nj\u00eb vendim t\u00eb Qeveris\u00eb s\u00eb Kosov\u00ebs p\u00ebr riregjistrimin e makinave me targa ilegale serbe.<\/p>\n","protected":false},"excerpt":{"rendered":"<p>Ministri i Pun\u00ebve t\u00eb Brendshme, Xhelal Sve\u00e7la ka deklaruar se ka shkuar n\u00eb Mitrovic\u00eb p\u00ebr ta p\u00ebrcjell\u00eb nga af\u00ebr situat\u00ebn e siguris\u00eb n\u00eb veri, kur po mbahen zgjedhjet e jasht\u00ebzakonshme n\u00eb kat\u00ebr komunat veriore. N\u00eb nj\u00eb lidhje direkte p\u00ebr televizionin publik, Sve\u00e7la tha se nuk ka incidente t\u00eb raportuara deri m\u00eb tani dhe se presin [&hellip;]<\/p>\n","protected":false},"author":1,"featured_media":147675,"comment_status":"closed","ping_status":"closed","sticky":false,"template":"","format":"standard","meta":{"footnotes":""},"categories":[5],"tags":[],"class_list":{"0":"post-147674","1":"post","2":"type-post","3":"status-publish","4":"format-standard","5":"has-post-thumbnail","7":"category-lajme"},"_links":{"self":[{"href":"https:\/\/radiostargjilan.com\/web\/wp-json\/wp\/v2\/posts\/147674","targetHints":{"allow":["GET"]}}],"collection":[{"href":"https:\/\/radiostargjilan.com\/web\/wp-json\/wp\/v2\/posts"}],"about":[{"href":"https:\/\/radiostargjilan.com\/web\/wp-json\/wp\/v2\/types\/post"}],"author":[{"embeddable":true,"href":"https:\/\/radiostargjilan.com\/web\/wp-json\/wp\/v2\/users\/1"}],"replies":[{"embeddable":true,"href":"https:\/\/radiostargjilan.com\/web\/wp-json\/wp\/v2\/comments?post=147674"}],"version-history":[{"count":0,"href":"https:\/\/radiostargjilan.com\/web\/wp-json\/wp\/v2\/posts\/147674\/revisions"}],"wp:featuredmedia":[{"embeddable":true,"href":"https:\/\/radiostargjilan.com\/web\/wp-json\/wp\/v2\/media\/147675"}],"wp:attachment":[{"href":"https:\/\/radiostargjilan.com\/web\/wp-json\/wp\/v2\/media?parent=147674"}],"wp:term":[{"taxonomy":"category","embeddable":true,"href":"https:\/\/radiostargjilan.com\/web\/wp-json\/wp\/v2\/categories?post=147674"},{"taxonomy":"post_tag","embeddable":true,"href":"https:\/\/radiostargjilan.com\/web\/wp-json\/wp\/v2\/tags?post=147674"}],"curies":[{"name":"wp","href":"https:\/\/api.w.org\/{rel}","templated":true}]}}