{"id":148916,"date":"2023-05-14T21:51:25","date_gmt":"2023-05-14T19:51:25","guid":{"rendered":"https:\/\/radiostargjilan.com\/web\/?p=148916"},"modified":"2023-05-14T21:51:25","modified_gmt":"2023-05-14T19:51:25","slug":"vec-perpara-kthim-prapa-ska","status":"publish","type":"post","link":"https:\/\/radiostargjilan.com\/web\/vec-perpara-kthim-prapa-ska\/","title":{"rendered":"Ve\u00e7 p\u00ebrpara, kthim prapa ska!"},"content":{"rendered":"<p>Shkruan: Qemajl Mustafa<\/p>\n<p>Secili e farkon \u00e7do dit\u00eb fatin e vet. PDK dhe secili subjekt tjet\u00ebr nuk b\u00ebn p\u00ebrjashtim nga ky rregull i art\u00eb i p\u00ebrvoj\u00ebs njer\u00ebzore. Ky subjekt, k\u00ebt\u00eb rrug\u00eb e ka zgjedhur q\u00eb nga viti 2012 e deri m\u00eb sot. Ju shkoft\u00eb mir\u00eb e ju shkoft\u00eb mbar\u00eb.<br \/>\nSa m\u00eb t\u00eb forta e m\u00eb t\u00eb rregullta t\u00eb jen\u00eb dubjektet politike aq m\u00eb mir\u00eb p\u00ebr komunat tona e p\u00ebr vendin ton\u00eb.<br \/>\nUn\u00eb jam krenar me p\u00ebrkushtimin maksimal q\u00eb ia dhash PDK-s\u00eb q\u00eb nga 2001 e k\u00ebndej sepse vet\u00ebm n\u00eb at\u00eb m\u00ebnyr\u00eb mund t\u2019i sh\u00ebrbeja pa u ndalur kurr\u00eb, gjasht\u00eb vite me radh\u00eb, komun\u00ebs time dhe shtetit tim. E b\u00ebra k\u00ebt\u00eb me qindra e mij\u00ebra aktivist\u00eb e qytetar\u00eb t\u00eb devotsh\u00ebm q\u00eb e kishin Gjilanin e Kosov\u00ebn p\u00ebr zem\u00ebr.<br \/>\nT\u00eb gjith\u00eb gabojm\u00eb gjat\u00eb rrug\u00ebs q\u00eb e b\u00ebjm\u00eb n\u00ebp\u00ebr jet\u00eb. E pranoj, nj\u00ebri nga gabimet e mia t\u00eb m\u00ebdha ishte kthimi n\u00eb krye t\u00eb deg\u00ebs s\u00eb PDK n\u00eb vitin 2019. Ishte q\u00ebllim imi plot\u00ebsisht fisnik dhe i mir\u00eb por n\u00eb nj\u00eb koh\u00eb plot\u00ebsisht t\u00eb gabuar. E koh\u00ebn e b\u00ebjn\u00eb njer\u00ebzit, apo jo?!<br \/>\nE kaluar qoft\u00eb.<br \/>\nSuksese Gjilanit, Anamorav\u00ebs e Kosov\u00ebs.<\/p>\n","protected":false},"excerpt":{"rendered":"<p>Shkruan: Qemajl Mustafa Secili e farkon \u00e7do dit\u00eb fatin e vet. PDK dhe secili subjekt tjet\u00ebr nuk b\u00ebn p\u00ebrjashtim nga ky rregull i art\u00eb i p\u00ebrvoj\u00ebs njer\u00ebzore. Ky subjekt, k\u00ebt\u00eb rrug\u00eb e ka zgjedhur q\u00eb nga viti 2012 e deri m\u00eb sot. Ju shkoft\u00eb mir\u00eb e ju shkoft\u00eb mbar\u00eb. Sa m\u00eb t\u00eb forta e m\u00eb [&hellip;]<\/p>\n","protected":false},"author":1,"featured_media":148917,"comment_status":"closed","ping_status":"closed","sticky":false,"template":"","format":"standard","meta":{"footnotes":""},"categories":[6],"tags":[],"class_list":{"0":"post-148916","1":"post","2":"type-post","3":"status-publish","4":"format-standard","5":"has-post-thumbnail","7":"category-opinion"},"_links":{"self":[{"href":"https:\/\/radiostargjilan.com\/web\/wp-json\/wp\/v2\/posts\/148916","targetHints":{"allow":["GET"]}}],"collection":[{"href":"https:\/\/radiostargjilan.com\/web\/wp-json\/wp\/v2\/posts"}],"about":[{"href":"https:\/\/radiostargjilan.com\/web\/wp-json\/wp\/v2\/types\/post"}],"author":[{"embeddable":true,"href":"https:\/\/radiostargjilan.com\/web\/wp-json\/wp\/v2\/users\/1"}],"replies":[{"embeddable":true,"href":"https:\/\/radiostargjilan.com\/web\/wp-json\/wp\/v2\/comments?post=148916"}],"version-history":[{"count":0,"href":"https:\/\/radiostargjilan.com\/web\/wp-json\/wp\/v2\/posts\/148916\/revisions"}],"wp:featuredmedia":[{"embeddable":true,"href":"https:\/\/radiostargjilan.com\/web\/wp-json\/wp\/v2\/media\/148917"}],"wp:attachment":[{"href":"https:\/\/radiostargjilan.com\/web\/wp-json\/wp\/v2\/media?parent=148916"}],"wp:term":[{"taxonomy":"category","embeddable":true,"href":"https:\/\/radiostargjilan.com\/web\/wp-json\/wp\/v2\/categories?post=148916"},{"taxonomy":"post_tag","embeddable":true,"href":"https:\/\/radiostargjilan.com\/web\/wp-json\/wp\/v2\/tags?post=148916"}],"curies":[{"name":"wp","href":"https:\/\/api.w.org\/{rel}","templated":true}]}}