{"id":149061,"date":"2023-05-16T17:57:55","date_gmt":"2023-05-16T15:57:55","guid":{"rendered":"https:\/\/radiostargjilan.com\/web\/?p=149061"},"modified":"2023-05-16T17:57:55","modified_gmt":"2023-05-16T15:57:55","slug":"serbia-rrezikon-liberalizimin-e-vizave-komisioni-evropian-sheh-rrezik-per-vendet-e-be-se","status":"publish","type":"post","link":"https:\/\/radiostargjilan.com\/web\/serbia-rrezikon-liberalizimin-e-vizave-komisioni-evropian-sheh-rrezik-per-vendet-e-be-se\/","title":{"rendered":"Serbia rrezikon liberalizimin e vizave, Komisioni Evropian sheh rrezik p\u00ebr vendet e BE-s\u00eb"},"content":{"rendered":"<p>Politik\u00eb<\/p>\n<p>Serbia rrezikon liberalizimin e vizave, Komisioni Evropian sheh rrezik p\u00ebr vendet e BE-s\u00eb<\/p>\n<p>news image<br \/>\nsinjali<br \/>\nSinjali.com<br \/>\n16 Maj 2023 13:52<br \/>\nKomisioni Evropian ka pranuar se \u00ebsht\u00eb i shqet\u00ebsuar p\u00ebr ekzistimin e disa procedurave t\u00eb leht\u00ebsuara p\u00ebr dh\u00ebnien e shtet\u00ebsis\u00eb t\u00eb huajve nga ana e vendeve, t\u00eb cilat g\u00ebzojn\u00eb liberalizimin e vizave me Bashkimin Evropian.<\/p>\n<p>N\u00eb k\u00ebt\u00eb m\u00ebnyr\u00eb, sipas nj\u00eb z\u00ebdh\u00ebn\u00ebsi t\u00eb Komisionit Evropian, personat nga vendet e treta fitojn\u00eb mund\u00ebsin\u00eb q\u00eb t\u00eb shmangin procedurat e Schengenit p\u00ebr t\u2019u pajisur me viza dhe paraqesin edhe rrezik p\u00ebr sigurin\u00eb e vendeve t\u00eb BE-s\u00eb. N\u00eb m\u00ebnyr\u00eb t\u00eb ve\u00e7ant\u00eb Komisioni p\u00ebrmend Serbin\u00eb, e cila ka pasur nj\u00eb skem\u00eb t\u00eb till\u00eb.<\/p>\n<p>\u201cKomisioni ka nj\u00eb shqet\u00ebsim t\u00eb p\u00ebrgjithsh\u00ebm p\u00ebr versionet e ndryshme t\u00eb skemave t\u00eb dh\u00ebnies s\u00eb shtet\u00ebsis\u00eb, si\u00e7 \u00ebsht\u00eb procedura e thjesht\u00ebzuar p\u00ebr dh\u00ebnien e shtet\u00ebsis\u00eb pas nj\u00eb periudhe t\u00eb shkurt\u00ebr q\u00ebndrimi. Kjo mund t\u00eb paraqes\u00eb rrezik publik dhe t\u00eb siguris\u00eb p\u00ebr BE-n\u00eb, pasi Serbia g\u00ebzon l\u00ebvizje pa viza n\u00eb BE. Komisioni do t\u2019i monitoroj\u00eb politikat e tilla t\u00eb natyralizimit dhe dh\u00ebnies s\u00eb shtet\u00ebsis\u00eb nga ana e shteteve q\u00eb kan\u00eb liberalizim vizash n\u00eb kuad\u00ebr t\u00eb mekanizmave p\u00ebr suspendimin e vizave\u201d, i ka th\u00ebn\u00eb Radios Evropa e Lir\u00eb nj\u00eb z\u00ebdh\u00ebn\u00ebs i Komisionit Evropian.<\/p>\n<p>Ai, po ashtu, ka theksuar se politika e vizave e vendeve fqinje ka nj\u00eb ndikim t\u00eb madh n\u00eb l\u00ebvizjen e imigrant\u00ebve drejt Bashkimit Evropian.<\/p>\n<p>\u201cN\u00eb rastin e Serbis\u00eb, p\u00ebrshtatja me regjimin e vizave t\u00eb BE-s\u00eb \u00ebsht\u00eb e r\u00ebnd\u00ebsishme p\u00ebr t\u00eb vazhduar p\u00ebrmbushjen e kritereve p\u00ebr liberalizim vizash. Serbia ka b\u00ebr\u00eb nj\u00eb hap t\u00eb r\u00ebnd\u00ebsish\u00ebm n\u00eb p\u00ebrshtatjen e regjimit t\u00eb saj t\u00eb vizave me at\u00eb t\u00eb BE-s\u00eb. Komisioni inkurajon Serbin\u00eb q\u00eb t\u2019i vazhdoj\u00eb p\u00ebrpjekjet n\u00eb k\u00ebt\u00eb drejtim p\u00ebr t\u00eb pasur nj\u00eb p\u00ebrshtatje t\u00eb plot\u00eb\u201d, ka th\u00ebn\u00eb Komisioni Evropian.<br \/>\nEdhe m\u00eb her\u00ebt nga qarqet diplomatike n\u00eb BE jan\u00eb d\u00ebgjuar Kritika ndaj Serbis\u00eb p\u00ebr heqjen e vizave p\u00ebr disa shtete t\u00eb treta. Kryesisht kjo \u00ebsht\u00eb b\u00ebr\u00eb p\u00ebr shtetet, t\u00eb cilat nuk e kan\u00eb njohur pavar\u00ebsin\u00eb e Kosov\u00ebs apo e kan\u00eb t\u00ebrhequr nj\u00eb njohje t\u00eb till\u00eb. Disa shtete t\u00eb BE-s\u00eb kan\u00eb raportuar rritje t\u00eb shpejt\u00eb t\u00eb numrit t\u00eb imigrant\u00ebve ilegal\u00eb dhe azilk\u00ebrkuesve pik\u00ebrisht nga k\u00ebto shtete.<\/p>\n<p>Nd\u00ebr vendet prej nga vijn\u00eb m\u00eb s\u00eb shumti migrant\u00ebt jan\u00eb p\u00ebrmendur Burundi, Kuba dhe Tunizia.<\/p>\n<p>Shtetas t\u00eb k\u00ebtyre vendeve kan\u00eb hyr\u00eb n\u00eb Serbi pa viza dhe nga atje kan\u00eb kaluar n\u00eb territorin e BE-s\u00eb. Serbia \u00ebsht\u00eb detyruar t\u2019ua kthej\u00eb vizat k\u00ebtyre shteteve sepse ishte k\u00ebrc\u00ebnuar se BE-ja do t\u00eb suspendoj\u00eb liberalizimin e vizave p\u00ebr Serbin\u00eb q\u00eb \u00ebsht\u00eb n\u00eb fuqi q\u00eb nga viti 2009.<\/p>\n<p>Por, v\u00ebrejtje BE-ja u ka d\u00ebrguar edhe disa vendeve t\u00eb tjera t\u00eb rajonit, p\u00ebrfshir\u00eb edhe Shqip\u00ebrin\u00eb.<\/p>\n<p>Nj\u00eb shqet\u00ebsim tjet\u00ebr p\u00ebr BE-n\u00eb \u00ebsht\u00eb edhe skema e ashtuquajtur \u201cpasaportat e arta\u201d p\u00ebrmes s\u00eb cilave disa vende t\u00eb rajonit u japin shtet\u00ebsi atyre q\u00eb investojn\u00eb shuma t\u00eb caktuara n\u00eb k\u00ebto vende. Skema t\u00eb tilla kan\u00eb pasur edhe disa vende an\u00ebtare t\u00eb bashkimit Evropian dhe Komisioni Evropian \u00ebsht\u00eb shprehur se ato jan\u00eb ilegale sipas ligjeve t\u00eb BE-s\u00eb. Prandaj Komisioni Evropian k\u00ebrkon edhe nga vendet e rajonit q\u00eb t\u00eb p\u00ebrmbahen nga skema t\u00eb tilla.<\/p>\n<p>\u201cKomisioni vazhdimisht u ka rekomanduar partner\u00ebve nga rajoni i Ballkanit Per\u00ebndimor q\u00eb t\u2019i japin fund, apo t\u00eb p\u00ebrmbahen nga vendosja e skemave \u2018shtet\u00ebsi p\u00ebr investitor\u00ebt\u2019, q\u00eb njihet me termin \u2018pasaportat e arta\u2019, pasi ato paraqesin nj\u00eb varg rreziqesh p\u00ebr rendin publik dhe sigurin\u00eb e BE-s\u00eb. N\u00eb ve\u00e7anti k\u00ebto skema u mund\u00ebsojn\u00eb qytetar\u00ebve t\u00eb vendeve t\u00eb treta q\u00eb t\u00eb marrin shtet\u00ebsin\u00eb e nj\u00eb vendi q\u00eb g\u00ebzon liberalizimin e vizave dhe n\u00eb k\u00ebt\u00eb m\u00ebnyr\u00eb t\u00eb fitojn\u00eb mund\u00ebsin\u00eb p\u00ebr l\u00ebvizje pa viza n\u00eb BE\u201d, ka th\u00ebn\u00eb nj\u00eb z\u00ebdh\u00ebn\u00ebsi i Komisionit Evropian.<\/p>\n<p>Disa diplomat\u00eb t\u00eb vendeve t\u00eb BE-s\u00eb i kan\u00eb th\u00ebn\u00eb Radios Evropa e Lir\u00eb se liberalizimi i vizave \u00ebsht\u00eb b\u00ebr\u00eb p\u00ebr t\u2019u ndihmuar qytetar\u00ebve nga rajoni i Ballkanit Per\u00ebndimor p\u00ebr t\u00eb udh\u00ebtuar n\u00eb vendet e BE-s\u00eb, e jo p\u00ebr t\u00eb mund\u00ebsuar keqp\u00ebrdorime me q\u00ebllime politike apo financiare p\u00ebr qeverit\u00eb e vendeve t\u00eb rajonit.<\/p>\n<p>\u201cDuhet t\u00eb punojm\u00eb s\u00eb bashku q\u00eb t\u00eb evitojm\u00eb shnd\u00ebrrimin e rajonit t\u00eb Ballkanit Per\u00ebndimor n\u00eb nj\u00eb der\u00eb p\u00ebr hyrje ilegale n\u00eb BE\u201d, ka th\u00ebn\u00eb nj\u00eb zyrtar i BE-s\u00eb.<\/p>\n<p>Komisioni Evropian vazhdimisht monitoron zbatimin e kritereve p\u00ebr liberalizim e vizave nga ana e vendeve t\u00eb rajonit.<\/p>\n<p>P\u00ebrshtatja me regjimin e vizave t\u00eb BE-s\u00eb \u00ebsht\u00eb nj\u00eb prej kushteve, n\u00eb t\u00eb cilat Brukseli insiston gjithnj\u00eb e m\u00eb shum\u00eb. N\u00eb rast t\u00eb refuzimit t\u00eb vendeve t\u00eb rajonit p\u00ebr t\u2019i p\u00ebrmbushur kriteret, edhe pasi t\u00eb ndodh\u00eb liberalizimi, BE-ja mban t\u00eb drejt\u00ebn p\u00ebr t\u00eb suspenduar liberalizimin e vizave.<\/p>\n<p>Deri tash nuk ka ndodhur nj\u00eb gj\u00eb e till\u00eb, por n\u00eb BE thon\u00eb se vendet e rajonit nuk do t\u00eb duhej t\u00eb rrezikonin me heqjen e liberalizimin p\u00ebr qytetar\u00ebt e tyre p\u00ebr p\u00ebrfitime politike apo financiare.<\/p>\n<p>\/GazetaSinjali\/<\/p>\n","protected":false},"excerpt":{"rendered":"<p>Politik\u00eb Serbia rrezikon liberalizimin e vizave, Komisioni Evropian sheh rrezik p\u00ebr vendet e BE-s\u00eb news image sinjali Sinjali.com 16 Maj 2023 13:52 Komisioni Evropian ka pranuar se \u00ebsht\u00eb i shqet\u00ebsuar p\u00ebr ekzistimin e disa procedurave t\u00eb leht\u00ebsuara p\u00ebr dh\u00ebnien e shtet\u00ebsis\u00eb t\u00eb huajve nga ana e vendeve, t\u00eb cilat g\u00ebzojn\u00eb liberalizimin e vizave me Bashkimin [&hellip;]<\/p>\n","protected":false},"author":1,"featured_media":149063,"comment_status":"closed","ping_status":"closed","sticky":false,"template":"","format":"standard","meta":{"footnotes":""},"categories":[5],"tags":[],"class_list":{"0":"post-149061","1":"post","2":"type-post","3":"status-publish","4":"format-standard","5":"has-post-thumbnail","7":"category-lajme"},"_links":{"self":[{"href":"https:\/\/radiostargjilan.com\/web\/wp-json\/wp\/v2\/posts\/149061","targetHints":{"allow":["GET"]}}],"collection":[{"href":"https:\/\/radiostargjilan.com\/web\/wp-json\/wp\/v2\/posts"}],"about":[{"href":"https:\/\/radiostargjilan.com\/web\/wp-json\/wp\/v2\/types\/post"}],"author":[{"embeddable":true,"href":"https:\/\/radiostargjilan.com\/web\/wp-json\/wp\/v2\/users\/1"}],"replies":[{"embeddable":true,"href":"https:\/\/radiostargjilan.com\/web\/wp-json\/wp\/v2\/comments?post=149061"}],"version-history":[{"count":0,"href":"https:\/\/radiostargjilan.com\/web\/wp-json\/wp\/v2\/posts\/149061\/revisions"}],"wp:featuredmedia":[{"embeddable":true,"href":"https:\/\/radiostargjilan.com\/web\/wp-json\/wp\/v2\/media\/149063"}],"wp:attachment":[{"href":"https:\/\/radiostargjilan.com\/web\/wp-json\/wp\/v2\/media?parent=149061"}],"wp:term":[{"taxonomy":"category","embeddable":true,"href":"https:\/\/radiostargjilan.com\/web\/wp-json\/wp\/v2\/categories?post=149061"},{"taxonomy":"post_tag","embeddable":true,"href":"https:\/\/radiostargjilan.com\/web\/wp-json\/wp\/v2\/tags?post=149061"}],"curies":[{"name":"wp","href":"https:\/\/api.w.org\/{rel}","templated":true}]}}