{"id":149602,"date":"2023-05-24T12:16:54","date_gmt":"2023-05-24T10:16:54","guid":{"rendered":"https:\/\/radiostargjilan.com\/web\/?p=149602"},"modified":"2023-05-24T12:16:54","modified_gmt":"2023-05-24T10:16:54","slug":"sc-gjilani-ne-finale-te-kupes-se-kosoves-luan-si-vendas-ndaj-prishtines","status":"publish","type":"post","link":"https:\/\/radiostargjilan.com\/web\/sc-gjilani-ne-finale-te-kupes-se-kosoves-luan-si-vendas-ndaj-prishtines\/","title":{"rendered":"SC Gjilani, n\u00eb finale t\u00eb Kup\u00ebs s\u00eb Kosov\u00ebs, luan si vendas ndaj Prishtin\u00ebs"},"content":{"rendered":"<h2>N\u00eb prani t\u00eb p\u00ebrfaq\u00ebsuesve t\u00eb klubeve, Komisioni i Garave, e ka b\u00ebr\u00eb t\u00ebrheqjen e shortit p\u00ebr ndeshjen finale t\u00eb Kup\u00ebs s\u00eb Kosov\u00ebs, e cila do t\u00eb zhvillohet m\u00eb 5 qershor, n\u00eb or\u00ebn 18:00, n\u00eb stadiumin \u201cFadil Vokrri\u201d n\u00eb kryeqytet.<\/h2>\n<p><!--more--><\/p>\n<p>N\u00eb baz\u00eb t\u00eb shortit, SC Gjilani n\u00eb k\u00ebt\u00eb takim do t\u00eb jet\u00eb n\u00eb cil\u00ebsi t\u00eb vendasit dhe do t\u00eb luaj\u00eb me fanella t\u00eb kuqe, derisa FC Prishtina n\u00eb cil\u00ebsi t\u00eb mysafirit do t\u00eb luaj\u00eb me fanella t\u00eb bardha.<\/p>\n<p>N\u00eb k\u00ebt\u00eb takim \u00ebsht\u00eb b\u00ebr\u00eb edhe ndarja e tribunave p\u00ebr tifozerit\u00eb e organizuara, ku \u201cSkifterat\u201d e SC Gjilanit, do t\u00eb vendosen n\u00eb tribun\u00ebn veriore, derisa \u201cPlisat\u201d e FC Prishtin\u00ebs, do t\u00eb vendosen n\u00eb tribun\u00ebn jugore.<\/p>\n<p>P\u00ebr t\u00eb dyja grupet e tifoz\u00ebve, FFK do t\u2019i ndaj\u00eb nga 200 bileta falas. Nd\u00ebrkaq, \u00e7mimi i biletave t\u00eb finales \u00ebsht\u00eb si vijon: Tribuna per\u00ebndimore 10 euro, tribuna lindore 5 euro dhe jugu e veri nga 3 euro.<\/p>\n","protected":false},"excerpt":{"rendered":"<p>N\u00eb prani t\u00eb p\u00ebrfaq\u00ebsuesve t\u00eb klubeve, Komisioni i Garave, e ka b\u00ebr\u00eb t\u00ebrheqjen e shortit p\u00ebr ndeshjen finale t\u00eb Kup\u00ebs s\u00eb Kosov\u00ebs, e cila do t\u00eb zhvillohet m\u00eb 5 qershor, n\u00eb or\u00ebn 18:00, n\u00eb stadiumin \u201cFadil Vokrri\u201d n\u00eb kryeqytet.<\/p>\n","protected":false},"author":1,"featured_media":149603,"comment_status":"closed","ping_status":"closed","sticky":false,"template":"","format":"standard","meta":{"footnotes":""},"categories":[7],"tags":[],"class_list":{"0":"post-149602","1":"post","2":"type-post","3":"status-publish","4":"format-standard","5":"has-post-thumbnail","7":"category-sports"},"_links":{"self":[{"href":"https:\/\/radiostargjilan.com\/web\/wp-json\/wp\/v2\/posts\/149602","targetHints":{"allow":["GET"]}}],"collection":[{"href":"https:\/\/radiostargjilan.com\/web\/wp-json\/wp\/v2\/posts"}],"about":[{"href":"https:\/\/radiostargjilan.com\/web\/wp-json\/wp\/v2\/types\/post"}],"author":[{"embeddable":true,"href":"https:\/\/radiostargjilan.com\/web\/wp-json\/wp\/v2\/users\/1"}],"replies":[{"embeddable":true,"href":"https:\/\/radiostargjilan.com\/web\/wp-json\/wp\/v2\/comments?post=149602"}],"version-history":[{"count":0,"href":"https:\/\/radiostargjilan.com\/web\/wp-json\/wp\/v2\/posts\/149602\/revisions"}],"wp:featuredmedia":[{"embeddable":true,"href":"https:\/\/radiostargjilan.com\/web\/wp-json\/wp\/v2\/media\/149603"}],"wp:attachment":[{"href":"https:\/\/radiostargjilan.com\/web\/wp-json\/wp\/v2\/media?parent=149602"}],"wp:term":[{"taxonomy":"category","embeddable":true,"href":"https:\/\/radiostargjilan.com\/web\/wp-json\/wp\/v2\/categories?post=149602"},{"taxonomy":"post_tag","embeddable":true,"href":"https:\/\/radiostargjilan.com\/web\/wp-json\/wp\/v2\/tags?post=149602"}],"curies":[{"name":"wp","href":"https:\/\/api.w.org\/{rel}","templated":true}]}}