{"id":149688,"date":"2023-05-25T17:56:35","date_gmt":"2023-05-25T15:56:35","guid":{"rendered":"https:\/\/radiostargjilan.com\/web\/?p=149688"},"modified":"2023-05-25T19:20:04","modified_gmt":"2023-05-25T17:20:04","slug":"ndryshojn-cmimet-e-biletave-per-finalen-e-kupes-se-kosoves-sc-gjilani-dhe-fc-prishtina","status":"publish","type":"post","link":"https:\/\/radiostargjilan.com\/web\/ndryshojn-cmimet-e-biletave-per-finalen-e-kupes-se-kosoves-sc-gjilani-dhe-fc-prishtina\/","title":{"rendered":"Ndryshojn \u00e7mimet e biletave p\u00ebr finalen e Kup\u00ebs s\u00eb Kosov\u00ebs, SC Gjilani dhe FC Prishtina"},"content":{"rendered":"<h1 style=\"text-align: left;\">Me k\u00ebrkes t\u00eb dy klubeve kosovare SC Gjilani dhe FC Prishtina, FFK-ja ka miratuar k\u00ebrkes\u00ebn e tyre, duke ndryshuar \u00e7mimet e biletave shkruan Radio Star.<\/h1>\n<p>Skuadra e FC Prishtin\u00ebs, p\u00ebrmes nj\u00eb komunikate n\u00eb \u2018facebook\u2019, ka treguar se tani \u00e7mimet e biletave kan\u00eb ndryshuar dhe m\u00eb e lira do t\u00eb jet\u00eb 2 euro kurse m\u00eb e shtrenjt\u00eb do t\u00eb jet\u00eb 5 euro, shitja e tyre do t\u00eb b\u00ebhet p\u00ebrmes sistemit online.<\/p>\n<p><strong>Komunikata e plot\u00eb:<\/strong><\/p>\n<p>\ud835\udc0b\ud835\udc22\ud835\udc2b\ud835\udc28\ud835\udc21\ud835\udc1e\ud835\udc27 \ud835\udc1c\u0327\ud835\udc26\ud835\udc22\ud835\udc26\ud835\udc1e\ud835\udc2d \ud835\udc1e \ud835\udc1b\ud835\udc22\ud835\udc25\ud835\udc1e\ud835\udc2d\ud835\udc1a\ud835\udc2f\ud835\udc1e \ud835\udc2d\ud835\udc1e\u0308 \ud835\udc1f\ud835\udc22\ud835\udc27\ud835\udc1a\ud835\udc25\ud835\udc1e\ud835\udc2c \ud835\udc2c\ud835\udc1e\u0308 \ud835\udc0a\ud835\udc2e\ud835\udc29\ud835\udc1e\u0308\ud835\udc2c \ud835\udc2c\ud835\udc1e\u0308 \ud835\udc0a\ud835\udc28\ud835\udc2c\ud835\udc28\ud835\udc2f\ud835\udc1e\u0308\ud835\udc2c, \ud835\udc12\ud835\udc02 \ud835\udc06\ud835\udc23\ud835\udc22\ud835\udc25\ud835\udc1a\ud835\udc27\ud835\udc22 \u2013 \ud835\udc05\ud835\udc02 \ud835\udc0f\ud835\udc2b\ud835\udc22\ud835\udc2c\ud835\udc21\ud835\udc2d\ud835\udc22\ud835\udc27\ud835\udc1a\ud83d\udc4f<\/p>\n<p>Me k\u00ebrkes\u00eb t\u00eb klubeve finaliste SC Gjilani dhe FC Prishtina dhe me miratimin e Komitetit Ekzekutiv t\u00eb Federat\u00ebs s\u00eb Futbollit t\u00eb Kosov\u00ebs, jan\u00eb liruar \u00e7mimet e biletave p\u00ebr finale e Kup\u00ebs s\u00eb Kosov\u00ebs nd\u00ebrmjet SC Gjilanit dhe FC Prishtin\u00ebs.<\/p>\n<p>\u00c7mimi i biletave t\u00eb finales \u00ebsht\u00eb si vijon: Tribuna per\u00ebndimore 5 euro, tribuna lindore 3 euro dhe jugu e veriu nga 2 euro.<\/p>\n<p>Biletat do t\u00eb dalin n\u00eb shitje dit\u00ebn e h\u00ebn\u00eb (29 maj) dhe do t\u00eb shiten n\u00eb sistemin online.<\/p>\n<p>FC Prishtina me koh\u00eb do t\u2019ju njoftoj\u00eb p\u00ebr linkun dhe procedurat e blerjes s\u00eb biletave.<\/p>\n<p>Tifoz\u00ebt e Gjilanit do t\u00eb vendosen n\u00eb tribun\u00ebn veriore, derisa \u201cPlisat\u201d e FC Prishtin\u00ebs, do t\u00eb vendosen n\u00eb tribun\u00ebn jugore. P\u00ebr t\u00eb dyja grupet e tifoz\u00ebve, FFK do t\u2019i ndaj\u00eb nga 200 bileta falas.<\/p>\n<p>Ndeshja do t\u00eb zhvillohet m\u00eb 5 qershor, n\u00eb or\u00ebn 18:00, n\u00eb stadiumin \u201cFadil Vokrri\u201d n\u00eb kryeqytet.<\/p>\n<p>#forcaPrishtina<br \/>\n#perparabardhekalter<br \/>\n#krejtperprishtinen<\/p>\n","protected":false},"excerpt":{"rendered":"<p>Me k\u00ebrkes t\u00eb dy klubeve kosovare SC Gjilani dhe FC Prishtina, FFK-ja ka miratuar k\u00ebrkes\u00ebn e tyre, duke ndryshuar \u00e7mimet e biletave shkruan Radio Star. Skuadra e FC Prishtin\u00ebs, p\u00ebrmes nj\u00eb komunikate n\u00eb \u2018facebook\u2019, ka treguar se tani \u00e7mimet e biletave kan\u00eb ndryshuar dhe m\u00eb e lira do t\u00eb jet\u00eb 2 euro kurse m\u00eb e [&hellip;]<\/p>\n","protected":false},"author":1,"featured_media":149603,"comment_status":"closed","ping_status":"closed","sticky":false,"template":"","format":"standard","meta":{"footnotes":""},"categories":[7],"tags":[],"class_list":{"0":"post-149688","1":"post","2":"type-post","3":"status-publish","4":"format-standard","5":"has-post-thumbnail","7":"category-sports"},"_links":{"self":[{"href":"https:\/\/radiostargjilan.com\/web\/wp-json\/wp\/v2\/posts\/149688","targetHints":{"allow":["GET"]}}],"collection":[{"href":"https:\/\/radiostargjilan.com\/web\/wp-json\/wp\/v2\/posts"}],"about":[{"href":"https:\/\/radiostargjilan.com\/web\/wp-json\/wp\/v2\/types\/post"}],"author":[{"embeddable":true,"href":"https:\/\/radiostargjilan.com\/web\/wp-json\/wp\/v2\/users\/1"}],"replies":[{"embeddable":true,"href":"https:\/\/radiostargjilan.com\/web\/wp-json\/wp\/v2\/comments?post=149688"}],"version-history":[{"count":0,"href":"https:\/\/radiostargjilan.com\/web\/wp-json\/wp\/v2\/posts\/149688\/revisions"}],"wp:featuredmedia":[{"embeddable":true,"href":"https:\/\/radiostargjilan.com\/web\/wp-json\/wp\/v2\/media\/149603"}],"wp:attachment":[{"href":"https:\/\/radiostargjilan.com\/web\/wp-json\/wp\/v2\/media?parent=149688"}],"wp:term":[{"taxonomy":"category","embeddable":true,"href":"https:\/\/radiostargjilan.com\/web\/wp-json\/wp\/v2\/categories?post=149688"},{"taxonomy":"post_tag","embeddable":true,"href":"https:\/\/radiostargjilan.com\/web\/wp-json\/wp\/v2\/tags?post=149688"}],"curies":[{"name":"wp","href":"https:\/\/api.w.org\/{rel}","templated":true}]}}