{"id":149699,"date":"2023-05-25T19:04:24","date_gmt":"2023-05-25T17:04:24","guid":{"rendered":"https:\/\/radiostargjilan.com\/web\/?p=149699"},"modified":"2023-05-25T19:04:24","modified_gmt":"2023-05-25T17:04:24","slug":"agk-shqetesues-dhe-dekurajues-votimi-i-luljeta-aliut-per-anetare-te-kpm-se","status":"publish","type":"post","link":"https:\/\/radiostargjilan.com\/web\/agk-shqetesues-dhe-dekurajues-votimi-i-luljeta-aliut-per-anetare-te-kpm-se\/","title":{"rendered":"AGK: Shqet\u00ebsues dhe dekurajues votimi i Luljeta Aliut p\u00ebr an\u00ebtare t\u00eb KPM-s\u00eb"},"content":{"rendered":"<p>Asociacioni i Gazetar\u00ebve t\u00eb Kosov\u00ebs e ka p\u00ebrcjellur me shqet\u00ebsim votimin n\u00eb Kuvend t\u00eb zonj\u00ebs Luljeta Aliu p\u00ebr an\u00ebtare t\u00eb Komisionit t\u00eb Pavarur t\u00eb Medieve.  <\/p>\n<p>Votimi nga partia n\u00eb pushtet, L\u00ebvizja Vet\u00ebvendosje e nj\u00eb avokateje publike t\u00eb politikave t\u00eb saj n\u00eb Qeveri, tregon hapur intenc\u00ebn k\u00ebsaj partie p\u00ebr t\u00eb v\u00ebn\u00eb n\u00ebn kontroll institucionet e pavarura mediale.  <\/p>\n<p>Komisioni i Pavarur i Medieve duhet t\u00eb ruaj\u00eb pavar\u00ebsin\u00eb politike dhe partiake, p\u00ebr t\u00eb kryer n\u00eb m\u00ebnyr\u00eb t\u00eb pandikuar pun\u00ebn p\u00ebr monitorimin dhe rregullimin e sken\u00ebs audio-vizuale n\u00eb Kosov\u00eb. <\/p>\n<p>Em\u00ebrimi i zonj\u00ebs Aliu shkon n\u00eb kund\u00ebrshtim me k\u00ebt\u00eb p\u00ebrpjekje, dhe mund t\u2019i kontribuoj\u00eb klim\u00ebs anti-medie q\u00eb kjo qeveri ka krijuar, n\u00eb shum\u00eb raste n\u00eb dy vitet e fundit. <\/p>\n<p>#AJK #AGK <\/p>\n<p>&#8212;-<br \/>\nwww.agk-ks.org<\/p>\n","protected":false},"excerpt":{"rendered":"<p>Asociacioni i Gazetar\u00ebve t\u00eb Kosov\u00ebs e ka p\u00ebrcjellur me shqet\u00ebsim votimin n\u00eb Kuvend t\u00eb zonj\u00ebs Luljeta Aliu p\u00ebr an\u00ebtare t\u00eb Komisionit t\u00eb Pavarur t\u00eb Medieve. Votimi nga partia n\u00eb pushtet, L\u00ebvizja Vet\u00ebvendosje e nj\u00eb avokateje publike t\u00eb politikave t\u00eb saj n\u00eb Qeveri, tregon hapur intenc\u00ebn k\u00ebsaj partie p\u00ebr t\u00eb v\u00ebn\u00eb n\u00ebn kontroll institucionet e pavarura [&hellip;]<\/p>\n","protected":false},"author":1,"featured_media":149700,"comment_status":"closed","ping_status":"closed","sticky":false,"template":"","format":"standard","meta":{"footnotes":""},"categories":[5],"tags":[],"class_list":{"0":"post-149699","1":"post","2":"type-post","3":"status-publish","4":"format-standard","5":"has-post-thumbnail","7":"category-lajme"},"_links":{"self":[{"href":"https:\/\/radiostargjilan.com\/web\/wp-json\/wp\/v2\/posts\/149699","targetHints":{"allow":["GET"]}}],"collection":[{"href":"https:\/\/radiostargjilan.com\/web\/wp-json\/wp\/v2\/posts"}],"about":[{"href":"https:\/\/radiostargjilan.com\/web\/wp-json\/wp\/v2\/types\/post"}],"author":[{"embeddable":true,"href":"https:\/\/radiostargjilan.com\/web\/wp-json\/wp\/v2\/users\/1"}],"replies":[{"embeddable":true,"href":"https:\/\/radiostargjilan.com\/web\/wp-json\/wp\/v2\/comments?post=149699"}],"version-history":[{"count":0,"href":"https:\/\/radiostargjilan.com\/web\/wp-json\/wp\/v2\/posts\/149699\/revisions"}],"wp:featuredmedia":[{"embeddable":true,"href":"https:\/\/radiostargjilan.com\/web\/wp-json\/wp\/v2\/media\/149700"}],"wp:attachment":[{"href":"https:\/\/radiostargjilan.com\/web\/wp-json\/wp\/v2\/media?parent=149699"}],"wp:term":[{"taxonomy":"category","embeddable":true,"href":"https:\/\/radiostargjilan.com\/web\/wp-json\/wp\/v2\/categories?post=149699"},{"taxonomy":"post_tag","embeddable":true,"href":"https:\/\/radiostargjilan.com\/web\/wp-json\/wp\/v2\/tags?post=149699"}],"curies":[{"name":"wp","href":"https:\/\/api.w.org\/{rel}","templated":true}]}}