{"id":149704,"date":"2023-05-25T20:18:27","date_gmt":"2023-05-25T18:18:27","guid":{"rendered":"https:\/\/radiostargjilan.com\/web\/?p=149704"},"modified":"2023-05-25T20:18:27","modified_gmt":"2023-05-25T18:18:27","slug":"gjilan-40-dite-paraburgim-shtetasit-te-malit-te-zi-per-vrasje-te-rende-po-kerkohej-edhe-nga-interpoli","status":"publish","type":"post","link":"https:\/\/radiostargjilan.com\/web\/gjilan-40-dite-paraburgim-shtetasit-te-malit-te-zi-per-vrasje-te-rende-po-kerkohej-edhe-nga-interpoli\/","title":{"rendered":"Gjilan: 40 dit\u00eb paraburgim shtetasit t\u00eb Malit t\u00eb Zi p\u00ebr vrasje t\u00eb r\u00ebnd\u00eb, po k\u00ebrkohej edhe nga Interpoli"},"content":{"rendered":"<h2>Gjykata Themelore n\u00eb Gjilan sipas nj\u00eb njoftimi, ka aprovuar k\u00ebrkes\u00ebn e Prokuroris\u00eb Themelore, duke i caktuar mas\u00ebn e paraburgimit prej 40 dit\u00eb t\u00eb pandehurit S. J.<\/h2>\n<p>S.J. shtetas i Malit t\u00eb Zi, dyshohet se n\u00eb gjysm\u00ebn e dyt\u00eb t\u00eb korrikut t\u00eb vitit 2020, n\u00eb Kotor t\u00eb Malit t\u00eb Zi, duke vepruar si an\u00ebtar\u00eb i organizat\u00ebs kriminale dhe duke p\u00ebrdorur telefon t\u00eb koduar dhe aplikacionin SKY ECC, n\u00eb bashk\u00ebkryerje me dy t\u00eb akuzuar t\u00eb tjer\u00eb, kan\u00eb planifikuar q\u00eb n\u00eb m\u00ebnyr\u00eb tin\u00ebzare t\u00eb privojn\u00eb nga jeta \u2013 tani viktim\u00ebn N.S.<\/p>\n<p>\u201dMe dat\u00eb 01.08.2020 i pandehuri me bashk\u00eb me t\u00eb akuzuarit e kan\u00eb ndaluar viktim\u00ebn, i cili ishte duke e drejtuar moto\u00e7iklet\u00ebn e tij dhe e kan\u00eb goditur me shuf\u00ebr metalike n\u00eb pjes\u00ebn e kok\u00ebs duke e rr\u00ebzuar p\u00ebr toke e m\u00eb pas t\u00eb nj\u00ebjtin e lidhin me litar duke e goditur disa here n\u00eb kok\u00eb dhe pjes\u00eb t\u00eb trupit, e m\u00eb pas duke ndjekur planin kriminal, viktim\u00ebn e futin n\u00eb automjetin e mark\u00ebs BMW, ashtu q\u00eb gjat\u00eb rrug\u00ebs e torturojn\u00eb vazhdimisht t\u00eb nj\u00ebjtin duke e goditur dhe e gjith\u00eb kjo p\u00ebr t\u00eb marr planet e organizat\u00ebs kriminale kund\u00ebrshtare dhe p\u00ebr t\u2019u qasur n\u00eb telefonin e koduar t\u00eb viktim\u00ebs, k\u00ebshtu q\u00eb n\u00eb mbr\u00ebmjen e dat\u00ebs 01.08.2020 dhe dat\u00ebs 02.08.2020, e privojn\u00eb nga jeta viktim\u00ebn N. S., e m\u00eb pas kthehen n\u00eb Kotor dhe e largojn\u00eb moto\u00e7iklet\u00ebn nga vendi i ngjarjes n\u00eb nj\u00eb vend t\u00eb panjohur me q\u00ebllim t\u00eb fshehjes s\u00eb gjurm\u00ebve dhe vepr\u00ebs penale t\u00eb kryer\u201d.<\/p>\n<p>M\u00eb k\u00ebto veprime i pandehuri dyshohet se ka kryer veprat penale \u201cvrasje e r\u00ebnd\u00eb\u201d, vep\u00ebr e sanksionuar me Kodin Penal t\u00eb Republik\u00ebs s\u00eb Kosov\u00ebs (KPRK).<\/p>\n<p>Sipas vler\u00ebsimit t\u00eb Gjykat\u00ebs dhe nga shkresat e l\u00ebnd\u00ebs shihet se i pandehuri S. J., \u00ebsht\u00eb duke u k\u00ebrkuar n\u00eb baz\u00eb t\u00eb nj\u00eb urdh\u00ebr arresti t\u00eb Interpolit, t\u00eb dat\u00ebs 31.05.2021.<\/p>\n<p>Gjyqtari i procedur\u00ebs paraprake ka vler\u00ebsuar se ekzistojn\u00eb kushtet ligjore p\u00ebr caktimin e mas\u00ebs s\u00eb paraburgimit, ngase i nj\u00ebjti ka shtet\u00ebsin\u00eb e Republik\u00ebs s\u00eb Malit t\u00eb Zi dhe p\u00ebr m\u00eb tep\u00ebr gjat\u00eb ndalimit nga zyrtar\u00ebt policor\u00eb i nj\u00ebjti \u00ebsht\u00eb paraqitur me nj\u00eb em\u00ebr tjet\u00ebr, po ashtu edhe gjat\u00eb seanc\u00ebs d\u00ebgjimore.<\/p>\n","protected":false},"excerpt":{"rendered":"<p>Gjykata Themelore n\u00eb Gjilan sipas nj\u00eb njoftimi, ka aprovuar k\u00ebrkes\u00ebn e Prokuroris\u00eb Themelore, duke i caktuar mas\u00ebn e paraburgimit prej 40 dit\u00eb t\u00eb pandehurit S. J. S.J. shtetas i Malit t\u00eb Zi, dyshohet se n\u00eb gjysm\u00ebn e dyt\u00eb t\u00eb korrikut t\u00eb vitit 2020, n\u00eb Kotor t\u00eb Malit t\u00eb Zi, duke vepruar si an\u00ebtar\u00eb i organizat\u00ebs [&hellip;]<\/p>\n","protected":false},"author":1,"featured_media":149591,"comment_status":"closed","ping_status":"closed","sticky":false,"template":"","format":"standard","meta":{"footnotes":""},"categories":[5],"tags":[],"class_list":{"0":"post-149704","1":"post","2":"type-post","3":"status-publish","4":"format-standard","5":"has-post-thumbnail","7":"category-lajme"},"_links":{"self":[{"href":"https:\/\/radiostargjilan.com\/web\/wp-json\/wp\/v2\/posts\/149704","targetHints":{"allow":["GET"]}}],"collection":[{"href":"https:\/\/radiostargjilan.com\/web\/wp-json\/wp\/v2\/posts"}],"about":[{"href":"https:\/\/radiostargjilan.com\/web\/wp-json\/wp\/v2\/types\/post"}],"author":[{"embeddable":true,"href":"https:\/\/radiostargjilan.com\/web\/wp-json\/wp\/v2\/users\/1"}],"replies":[{"embeddable":true,"href":"https:\/\/radiostargjilan.com\/web\/wp-json\/wp\/v2\/comments?post=149704"}],"version-history":[{"count":0,"href":"https:\/\/radiostargjilan.com\/web\/wp-json\/wp\/v2\/posts\/149704\/revisions"}],"wp:featuredmedia":[{"embeddable":true,"href":"https:\/\/radiostargjilan.com\/web\/wp-json\/wp\/v2\/media\/149591"}],"wp:attachment":[{"href":"https:\/\/radiostargjilan.com\/web\/wp-json\/wp\/v2\/media?parent=149704"}],"wp:term":[{"taxonomy":"category","embeddable":true,"href":"https:\/\/radiostargjilan.com\/web\/wp-json\/wp\/v2\/categories?post=149704"},{"taxonomy":"post_tag","embeddable":true,"href":"https:\/\/radiostargjilan.com\/web\/wp-json\/wp\/v2\/tags?post=149704"}],"curies":[{"name":"wp","href":"https:\/\/api.w.org\/{rel}","templated":true}]}}